{"id":1079,"date":"2014-08-07T12:50:27","date_gmt":"2014-08-07T10:50:27","guid":{"rendered":"http:\/\/ffmc76.fr\/index.php\/2014\/08\/07\/cest-leure-de-la-grande-chevauchee-du-13-14-septembre-2014\/"},"modified":"2017-02-03T21:02:24","modified_gmt":"2017-02-03T20:02:24","slug":"cest-leure-de-la-grande-chevauchee-du-13-14-septembre-2014","status":"publish","type":"post","link":"https:\/\/ffmc76.fr\/index.php\/2014\/08\/07\/cest-leure-de-la-grande-chevauchee-du-13-14-septembre-2014\/","title":{"rendered":"C&rsquo;est l&rsquo;Eure de la grande chevauch\u00e9e du 13 &#038; 14 septembre 2014"},"content":{"rendered":"<p>Enfourchez vos destriers, et nous voil\u00e0 repartis sur les routes tr\u00e8s appr\u00e9ci\u00e9es de vos gentils organisateurs.<\/p>\n<p>Rendez-vous \u00e0 la MUTUELLE DES MOTARDS 9 rue jacques LELIEUR \u00e0 ROUEN, le samedi \u00e0 9h00 autour d&rsquo;un petit caf\u00e9, avec dans vos sacoches votre mat\u00e9riel de camping et nos road book.<\/p>\n<p>Pour le midi, surtout n&rsquo;oubliez pas votre pique-nique.<\/p>\n<p>Nous vous attendrons <u>tous<\/u> vers 12h00, pour une surprise dont vous serez les acteurs.<\/p>\n<p>Le soir : ap\u00e9ro et repas maison.<\/p>\n<p>Le dimanche : petit d\u00e9j , ballade group\u00e9e organis\u00e9e et pilot\u00e9e par vos G.O. et retour au camping pour un d\u00e9jeuner pr\u00e9par\u00e9 par nos cuisini\u00e8res en chef.<\/p>\n<p>Pour cette \u00ab prestation \u00bb le tarif sera de 32 euros par personne.<\/p>\n<p style=\"text-align: center;\">Inscription et r\u00e8glement \u00e0 envoyer \u00e0 l&rsquo;ordre de la FFMC76<\/p>\n<p style=\"text-align: center;\"><strong>avant le 6 septembre 2014<\/strong><\/p>\n<p style=\"text-align: left;\">Pour la FFMC 76. Chantal, Raymond, Les Pascal&rsquo;s<\/p>\n","protected":false},"excerpt":{"rendered":"<p>Enfourchez vos destriers, et nous voil\u00e0 repartis sur les routes tr\u00e8s appr\u00e9ci\u00e9es de vos gentils organisateurs. Rendez-vous \u00e0 la MUTUELLE DES MOTARDS 9 rue jacques LELIEUR \u00e0 ROUEN, le samedi \u00e0 9h00 autour d&rsquo;un petit caf\u00e9, avec dans vos sacoches votre mat\u00e9riel de camping et nos road book. Pour le &#8230;<\/p>\n","protected":false},"author":19,"featured_media":0,"comment_status":"open","ping_status":"open","sticky":false,"template":"","format":"standard","meta":{"inline_featured_image":false,"cybocfi_hide_featured_image":"","footnotes":""},"categories":[5],"tags":[],"class_list":["post-1079","post","type-post","status-publish","format-standard","hentry","category-sortie","column","twocol"],"yoast_head":"<!-- This site is optimized with the Yoast SEO plugin v27.3 - https:\/\/yoast.com\/product\/yoast-seo-wordpress\/ -->\n<title>C&#039;est l&#039;Eure de la grande chevauch\u00e9e du 13 &amp; 14 septembre 2014 - FFMC76<\/title>\n<meta name=\"robots\" content=\"index, follow, max-snippet:-1, max-image-preview:large, max-video-preview:-1\" \/>\n<link rel=\"canonical\" href=\"https:\/\/ffmc76.fr\/index.php\/2014\/08\/07\/cest-leure-de-la-grande-chevauchee-du-13-14-septembre-2014\/\" \/>\n<meta property=\"og:locale\" content=\"fr_FR\" \/>\n<meta property=\"og:type\" content=\"article\" \/>\n<meta property=\"og:title\" content=\"C&#039;est l&#039;Eure de la grande chevauch\u00e9e du 13 &amp; 14 septembre 2014 - FFMC76\" \/>\n<meta property=\"og:description\" content=\"Enfourchez vos destriers, et nous voil\u00e0 repartis sur les routes tr\u00e8s appr\u00e9ci\u00e9es de vos gentils organisateurs. Rendez-vous \u00e0 la MUTUELLE DES MOTARDS &#8230;\" \/>\n<meta property=\"og:url\" content=\"https:\/\/ffmc76.fr\/index.php\/2014\/08\/07\/cest-leure-de-la-grande-chevauchee-du-13-14-septembre-2014\/\" \/>\n<meta property=\"og:site_name\" content=\"FFMC76\" \/>\n<meta property=\"article:publisher\" content=\"https:\/\/www.facebook.com\/FFMC76\" \/>\n<meta property=\"article:published_time\" content=\"2014-08-07T10:50:27+00:00\" \/>\n<meta property=\"article:modified_time\" content=\"2017-02-03T20:02:24+00:00\" \/>\n<meta name=\"author\" content=\"admin\" \/>\n<meta name=\"twitter:card\" content=\"summary_large_image\" \/>\n<meta name=\"twitter:label1\" content=\"\u00c9crit par\" \/>\n\t<meta name=\"twitter:data1\" content=\"admin\" \/>\n\t<meta name=\"twitter:label2\" content=\"Dur\u00e9e de lecture estim\u00e9e\" \/>\n\t<meta name=\"twitter:data2\" content=\"1 minute\" \/>\n<script type=\"application\/ld+json\" class=\"yoast-schema-graph\">{\"@context\":\"https:\\\/\\\/schema.org\",\"@graph\":[{\"@type\":\"Article\",\"@id\":\"https:\\\/\\\/ffmc76.fr\\\/index.php\\\/2014\\\/08\\\/07\\\/cest-leure-de-la-grande-chevauchee-du-13-14-septembre-2014\\\/#article\",\"isPartOf\":{\"@id\":\"https:\\\/\\\/ffmc76.fr\\\/index.php\\\/2014\\\/08\\\/07\\\/cest-leure-de-la-grande-chevauchee-du-13-14-septembre-2014\\\/\"},\"author\":{\"name\":\"admin\",\"@id\":\"https:\\\/\\\/ffmc76.fr\\\/#\\\/schema\\\/person\\\/2f0dbab117b8194646b6b87250c658b5\"},\"headline\":\"C&rsquo;est l&rsquo;Eure de la grande chevauch\u00e9e du 13 &#038; 14 septembre 2014\",\"datePublished\":\"2014-08-07T10:50:27+00:00\",\"dateModified\":\"2017-02-03T20:02:24+00:00\",\"mainEntityOfPage\":{\"@id\":\"https:\\\/\\\/ffmc76.fr\\\/index.php\\\/2014\\\/08\\\/07\\\/cest-leure-de-la-grande-chevauchee-du-13-14-septembre-2014\\\/\"},\"wordCount\":154,\"commentCount\":0,\"publisher\":{\"@id\":\"https:\\\/\\\/ffmc76.fr\\\/#organization\"},\"articleSection\":[\"Sortie\"],\"inLanguage\":\"fr-FR\",\"potentialAction\":[{\"@type\":\"CommentAction\",\"name\":\"Comment\",\"target\":[\"https:\\\/\\\/ffmc76.fr\\\/index.php\\\/2014\\\/08\\\/07\\\/cest-leure-de-la-grande-chevauchee-du-13-14-septembre-2014\\\/#respond\"]}]},{\"@type\":\"WebPage\",\"@id\":\"https:\\\/\\\/ffmc76.fr\\\/index.php\\\/2014\\\/08\\\/07\\\/cest-leure-de-la-grande-chevauchee-du-13-14-septembre-2014\\\/\",\"url\":\"https:\\\/\\\/ffmc76.fr\\\/index.php\\\/2014\\\/08\\\/07\\\/cest-leure-de-la-grande-chevauchee-du-13-14-septembre-2014\\\/\",\"name\":\"C'est l'Eure de la grande chevauch\u00e9e du 13 & 14 septembre 2014 - FFMC76\",\"isPartOf\":{\"@id\":\"https:\\\/\\\/ffmc76.fr\\\/#website\"},\"datePublished\":\"2014-08-07T10:50:27+00:00\",\"dateModified\":\"2017-02-03T20:02:24+00:00\",\"breadcrumb\":{\"@id\":\"https:\\\/\\\/ffmc76.fr\\\/index.php\\\/2014\\\/08\\\/07\\\/cest-leure-de-la-grande-chevauchee-du-13-14-septembre-2014\\\/#breadcrumb\"},\"inLanguage\":\"fr-FR\",\"potentialAction\":[{\"@type\":\"ReadAction\",\"target\":[\"https:\\\/\\\/ffmc76.fr\\\/index.php\\\/2014\\\/08\\\/07\\\/cest-leure-de-la-grande-chevauchee-du-13-14-septembre-2014\\\/\"]}]},{\"@type\":\"BreadcrumbList\",\"@id\":\"https:\\\/\\\/ffmc76.fr\\\/index.php\\\/2014\\\/08\\\/07\\\/cest-leure-de-la-grande-chevauchee-du-13-14-septembre-2014\\\/#breadcrumb\",\"itemListElement\":[{\"@type\":\"ListItem\",\"position\":1,\"name\":\"Accueil\",\"item\":\"https:\\\/\\\/ffmc76.fr\\\/\"},{\"@type\":\"ListItem\",\"position\":2,\"name\":\"C&#8217;est l&#8217;Eure de la grande chevauch\u00e9e du 13 &#038; 14 septembre 2014\"}]},{\"@type\":\"WebSite\",\"@id\":\"https:\\\/\\\/ffmc76.fr\\\/#website\",\"url\":\"https:\\\/\\\/ffmc76.fr\\\/\",\"name\":\"FFMC76\",\"description\":\"F\u00e9d\u00e9ration Fran\u00e7aise des Motards en Col\u00e8re, antenne de Seine-Maritime\",\"publisher\":{\"@id\":\"https:\\\/\\\/ffmc76.fr\\\/#organization\"},\"potentialAction\":[{\"@type\":\"SearchAction\",\"target\":{\"@type\":\"EntryPoint\",\"urlTemplate\":\"https:\\\/\\\/ffmc76.fr\\\/?s={search_term_string}\"},\"query-input\":{\"@type\":\"PropertyValueSpecification\",\"valueRequired\":true,\"valueName\":\"search_term_string\"}}],\"inLanguage\":\"fr-FR\"},{\"@type\":\"Organization\",\"@id\":\"https:\\\/\\\/ffmc76.fr\\\/#organization\",\"name\":\"FFMC76\",\"url\":\"https:\\\/\\\/ffmc76.fr\\\/\",\"logo\":{\"@type\":\"ImageObject\",\"inLanguage\":\"fr-FR\",\"@id\":\"https:\\\/\\\/ffmc76.fr\\\/#\\\/schema\\\/logo\\\/image\\\/\",\"url\":\"https:\\\/\\\/ffmc76.fr\\\/wp-content\\\/uploads\\\/2023\\\/01\\\/logo_boxeur-76.png\",\"contentUrl\":\"https:\\\/\\\/ffmc76.fr\\\/wp-content\\\/uploads\\\/2023\\\/01\\\/logo_boxeur-76.png\",\"width\":545,\"height\":712,\"caption\":\"FFMC76\"},\"image\":{\"@id\":\"https:\\\/\\\/ffmc76.fr\\\/#\\\/schema\\\/logo\\\/image\\\/\"},\"sameAs\":[\"https:\\\/\\\/www.facebook.com\\\/FFMC76\"]},{\"@type\":\"Person\",\"@id\":\"https:\\\/\\\/ffmc76.fr\\\/#\\\/schema\\\/person\\\/2f0dbab117b8194646b6b87250c658b5\",\"name\":\"admin\",\"image\":{\"@type\":\"ImageObject\",\"inLanguage\":\"fr-FR\",\"@id\":\"https:\\\/\\\/secure.gravatar.com\\\/avatar\\\/97c482c8442bfcd2bc6bf1696c50d91aa0de54ba31f1f2e22d0a76c10b5bbe33?s=96&d=mm&r=g\",\"url\":\"https:\\\/\\\/secure.gravatar.com\\\/avatar\\\/97c482c8442bfcd2bc6bf1696c50d91aa0de54ba31f1f2e22d0a76c10b5bbe33?s=96&d=mm&r=g\",\"contentUrl\":\"https:\\\/\\\/secure.gravatar.com\\\/avatar\\\/97c482c8442bfcd2bc6bf1696c50d91aa0de54ba31f1f2e22d0a76c10b5bbe33?s=96&d=mm&r=g\",\"caption\":\"admin\"},\"url\":\"https:\\\/\\\/ffmc76.fr\\\/index.php\\\/author\\\/admin-2\\\/\"}]}<\/script>\n<!-- \/ Yoast SEO plugin. -->","yoast_head_json":{"title":"C'est l'Eure de la grande chevauch\u00e9e du 13 & 14 septembre 2014 - FFMC76","robots":{"index":"index","follow":"follow","max-snippet":"max-snippet:-1","max-image-preview":"max-image-preview:large","max-video-preview":"max-video-preview:-1"},"canonical":"https:\/\/ffmc76.fr\/index.php\/2014\/08\/07\/cest-leure-de-la-grande-chevauchee-du-13-14-septembre-2014\/","og_locale":"fr_FR","og_type":"article","og_title":"C'est l'Eure de la grande chevauch\u00e9e du 13 & 14 septembre 2014 - FFMC76","og_description":"Enfourchez vos destriers, et nous voil\u00e0 repartis sur les routes tr\u00e8s appr\u00e9ci\u00e9es de vos gentils organisateurs. Rendez-vous \u00e0 la MUTUELLE DES MOTARDS &#8230;","og_url":"https:\/\/ffmc76.fr\/index.php\/2014\/08\/07\/cest-leure-de-la-grande-chevauchee-du-13-14-septembre-2014\/","og_site_name":"FFMC76","article_publisher":"https:\/\/www.facebook.com\/FFMC76","article_published_time":"2014-08-07T10:50:27+00:00","article_modified_time":"2017-02-03T20:02:24+00:00","author":"admin","twitter_card":"summary_large_image","twitter_misc":{"\u00c9crit par":"admin","Dur\u00e9e de lecture estim\u00e9e":"1 minute"},"schema":{"@context":"https:\/\/schema.org","@graph":[{"@type":"Article","@id":"https:\/\/ffmc76.fr\/index.php\/2014\/08\/07\/cest-leure-de-la-grande-chevauchee-du-13-14-septembre-2014\/#article","isPartOf":{"@id":"https:\/\/ffmc76.fr\/index.php\/2014\/08\/07\/cest-leure-de-la-grande-chevauchee-du-13-14-septembre-2014\/"},"author":{"name":"admin","@id":"https:\/\/ffmc76.fr\/#\/schema\/person\/2f0dbab117b8194646b6b87250c658b5"},"headline":"C&rsquo;est l&rsquo;Eure de la grande chevauch\u00e9e du 13 &#038; 14 septembre 2014","datePublished":"2014-08-07T10:50:27+00:00","dateModified":"2017-02-03T20:02:24+00:00","mainEntityOfPage":{"@id":"https:\/\/ffmc76.fr\/index.php\/2014\/08\/07\/cest-leure-de-la-grande-chevauchee-du-13-14-septembre-2014\/"},"wordCount":154,"commentCount":0,"publisher":{"@id":"https:\/\/ffmc76.fr\/#organization"},"articleSection":["Sortie"],"inLanguage":"fr-FR","potentialAction":[{"@type":"CommentAction","name":"Comment","target":["https:\/\/ffmc76.fr\/index.php\/2014\/08\/07\/cest-leure-de-la-grande-chevauchee-du-13-14-septembre-2014\/#respond"]}]},{"@type":"WebPage","@id":"https:\/\/ffmc76.fr\/index.php\/2014\/08\/07\/cest-leure-de-la-grande-chevauchee-du-13-14-septembre-2014\/","url":"https:\/\/ffmc76.fr\/index.php\/2014\/08\/07\/cest-leure-de-la-grande-chevauchee-du-13-14-septembre-2014\/","name":"C'est l'Eure de la grande chevauch\u00e9e du 13 & 14 septembre 2014 - FFMC76","isPartOf":{"@id":"https:\/\/ffmc76.fr\/#website"},"datePublished":"2014-08-07T10:50:27+00:00","dateModified":"2017-02-03T20:02:24+00:00","breadcrumb":{"@id":"https:\/\/ffmc76.fr\/index.php\/2014\/08\/07\/cest-leure-de-la-grande-chevauchee-du-13-14-septembre-2014\/#breadcrumb"},"inLanguage":"fr-FR","potentialAction":[{"@type":"ReadAction","target":["https:\/\/ffmc76.fr\/index.php\/2014\/08\/07\/cest-leure-de-la-grande-chevauchee-du-13-14-septembre-2014\/"]}]},{"@type":"BreadcrumbList","@id":"https:\/\/ffmc76.fr\/index.php\/2014\/08\/07\/cest-leure-de-la-grande-chevauchee-du-13-14-septembre-2014\/#breadcrumb","itemListElement":[{"@type":"ListItem","position":1,"name":"Accueil","item":"https:\/\/ffmc76.fr\/"},{"@type":"ListItem","position":2,"name":"C&#8217;est l&#8217;Eure de la grande chevauch\u00e9e du 13 &#038; 14 septembre 2014"}]},{"@type":"WebSite","@id":"https:\/\/ffmc76.fr\/#website","url":"https:\/\/ffmc76.fr\/","name":"FFMC76","description":"F\u00e9d\u00e9ration Fran\u00e7aise des Motards en Col\u00e8re, antenne de Seine-Maritime","publisher":{"@id":"https:\/\/ffmc76.fr\/#organization"},"potentialAction":[{"@type":"SearchAction","target":{"@type":"EntryPoint","urlTemplate":"https:\/\/ffmc76.fr\/?s={search_term_string}"},"query-input":{"@type":"PropertyValueSpecification","valueRequired":true,"valueName":"search_term_string"}}],"inLanguage":"fr-FR"},{"@type":"Organization","@id":"https:\/\/ffmc76.fr\/#organization","name":"FFMC76","url":"https:\/\/ffmc76.fr\/","logo":{"@type":"ImageObject","inLanguage":"fr-FR","@id":"https:\/\/ffmc76.fr\/#\/schema\/logo\/image\/","url":"https:\/\/ffmc76.fr\/wp-content\/uploads\/2023\/01\/logo_boxeur-76.png","contentUrl":"https:\/\/ffmc76.fr\/wp-content\/uploads\/2023\/01\/logo_boxeur-76.png","width":545,"height":712,"caption":"FFMC76"},"image":{"@id":"https:\/\/ffmc76.fr\/#\/schema\/logo\/image\/"},"sameAs":["https:\/\/www.facebook.com\/FFMC76"]},{"@type":"Person","@id":"https:\/\/ffmc76.fr\/#\/schema\/person\/2f0dbab117b8194646b6b87250c658b5","name":"admin","image":{"@type":"ImageObject","inLanguage":"fr-FR","@id":"https:\/\/secure.gravatar.com\/avatar\/97c482c8442bfcd2bc6bf1696c50d91aa0de54ba31f1f2e22d0a76c10b5bbe33?s=96&d=mm&r=g","url":"https:\/\/secure.gravatar.com\/avatar\/97c482c8442bfcd2bc6bf1696c50d91aa0de54ba31f1f2e22d0a76c10b5bbe33?s=96&d=mm&r=g","contentUrl":"https:\/\/secure.gravatar.com\/avatar\/97c482c8442bfcd2bc6bf1696c50d91aa0de54ba31f1f2e22d0a76c10b5bbe33?s=96&d=mm&r=g","caption":"admin"},"url":"https:\/\/ffmc76.fr\/index.php\/author\/admin-2\/"}]}},"_links":{"self":[{"href":"https:\/\/ffmc76.fr\/index.php\/wp-json\/wp\/v2\/posts\/1079","targetHints":{"allow":["GET"]}}],"collection":[{"href":"https:\/\/ffmc76.fr\/index.php\/wp-json\/wp\/v2\/posts"}],"about":[{"href":"https:\/\/ffmc76.fr\/index.php\/wp-json\/wp\/v2\/types\/post"}],"author":[{"embeddable":true,"href":"https:\/\/ffmc76.fr\/index.php\/wp-json\/wp\/v2\/users\/19"}],"replies":[{"embeddable":true,"href":"https:\/\/ffmc76.fr\/index.php\/wp-json\/wp\/v2\/comments?post=1079"}],"version-history":[{"count":3,"href":"https:\/\/ffmc76.fr\/index.php\/wp-json\/wp\/v2\/posts\/1079\/revisions"}],"predecessor-version":[{"id":3500,"href":"https:\/\/ffmc76.fr\/index.php\/wp-json\/wp\/v2\/posts\/1079\/revisions\/3500"}],"wp:attachment":[{"href":"https:\/\/ffmc76.fr\/index.php\/wp-json\/wp\/v2\/media?parent=1079"}],"wp:term":[{"taxonomy":"category","embeddable":true,"href":"https:\/\/ffmc76.fr\/index.php\/wp-json\/wp\/v2\/categories?post=1079"},{"taxonomy":"post_tag","embeddable":true,"href":"https:\/\/ffmc76.fr\/index.php\/wp-json\/wp\/v2\/tags?post=1079"}],"curies":[{"name":"wp","href":"https:\/\/api.w.org\/{rel}","templated":true}]}}