{"id":6103,"date":"2018-01-26T08:44:53","date_gmt":"2018-01-26T07:44:53","guid":{"rendered":"http:\/\/ffmc76.fr\/?p=6103"},"modified":"2018-01-27T08:47:36","modified_gmt":"2018-01-27T07:47:36","slug":"vers-un-peage-urbain","status":"publish","type":"post","link":"https:\/\/ffmc76.fr\/index.php\/2018\/01\/26\/vers-un-peage-urbain\/","title":{"rendered":"Vers un p\u00e9age urbain ??"},"content":{"rendered":"<div>\n<p>Ceux qui ne se sentaient pas concerner par les ZCR (zone de circulation restreinte) devront revoir leur copie car le Gouvernement souhaite faciliter la mise en place des p\u00e9ages urbains dans les agglom\u00e9rations qui souhaiteront l&rsquo;instaurer.<\/p>\n<p><a href=\"http:\/\/ffmc76.fr\/wp-content\/uploads\/2018\/01\/peage_urbain.gif\"><img loading=\"lazy\" decoding=\"async\" class=\"aligncenter\" src=\"https:\/\/ffmc76.fr\/wp-content\/uploads\/2018\/01\/peage_urbain-179x300.gif\" alt=\"\" height=\"300\" width=\"179\"><\/a><\/p>\n<p>Bien que dans certaines villes europ\u00e9ennes, les 2RM soient exclues de ce dispositif, en France, on n&rsquo;a pas pour habitude de mettre avant ce moyen de locomotion. Bien au contraire !<\/p>\n<\/div>\n<p>Il convient donc dors et d\u00e9j\u00e0 de s&rsquo;informer et de se faire entendre aupr\u00e8s de nos \u00e9lus.<\/p>\n<div>\n<div>\n<div>\n<div>\n<p align=\"left\"><a href=\"https:\/\/www.lesechos.fr\/industrie-services\/tourisme-transport\/0301152559527-le-gouvernement-veut-favoriser-la-mise-en-place-de-peages-urbains-2145433.php\">https:\/\/www.lesechos.fr\/industrie-services\/tourisme-transport\/0301152559527-le-gouvernement-veut-favoriser-la-mise-en-place-de-peages-urbains-2145433.php<\/a><\/p>\n<p align=\"left\"><a href=\"https:\/\/www.franceinter.fr\/emissions\/l-edito-eco\/l-edito-eco-17-janvier-2018\">https:\/\/www.franceinter.fr\/emissions\/l-edito-eco\/l-edito-eco-17-janvier-2018<\/a><\/p>\n<p><a href=\"http:\/\/www.lemonde.fr\/planete\/article\/2018\/01\/17\/l-executif-veut-faciliter-la-mise-en-place-de-peages-urbains_5242772_3244.html\">http:\/\/www.lemonde.fr\/planete\/article\/2018\/01\/17\/l-executif-veut-faciliter-la-mise-en-place-de-peages-urbains_5242772_3244.html<\/a><\/p>\n<p><a href=\"http:\/\/www.lefigaro.fr\/conjoncture\/2018\/01\/17\/20002-20180117ARTFIG00231-peages-urbains-quels-resultats-dans-les-grandes-villes-du-monde.php\">http:\/\/www.lefigaro.fr\/conjoncture\/2018\/01\/17\/20002-20180117ARTFIG00231-peages-urbains-quels-resultats-dans-les-grandes-villes-du-monde.php<\/a><\/p>\n<\/div>\n<\/div>\n<\/div>\n<\/div>\n","protected":false},"excerpt":{"rendered":"<p>Ceux qui ne se sentaient pas concerner par les ZCR (zone de circulation restreinte) devront revoir leur copie car le Gouvernement souhaite faciliter la mise en place des p\u00e9ages urbains dans les agglom\u00e9rations qui souhaiteront l&rsquo;instaurer. Bien que dans certaines villes europ\u00e9ennes, les 2RM soient exclues de ce dispositif, en &#8230;<\/p>\n","protected":false},"author":4,"featured_media":6105,"comment_status":"open","ping_status":"open","sticky":false,"template":"","format":"standard","meta":{"inline_featured_image":false,"cybocfi_hide_featured_image":"","footnotes":""},"categories":[6],"tags":[],"class_list":["post-6103","post","type-post","status-publish","format-standard","has-post-thumbnail","hentry","category-evenement","column","twocol","has-thumbnail"],"yoast_head":"<!-- This site is optimized with the Yoast SEO plugin v27.3 - https:\/\/yoast.com\/product\/yoast-seo-wordpress\/ -->\n<title>Vers un p\u00e9age urbain ?? - FFMC76<\/title>\n<meta name=\"robots\" content=\"index, follow, max-snippet:-1, max-image-preview:large, max-video-preview:-1\" \/>\n<link rel=\"canonical\" href=\"https:\/\/ffmc76.fr\/index.php\/2018\/01\/26\/vers-un-peage-urbain\/\" \/>\n<meta property=\"og:locale\" content=\"fr_FR\" \/>\n<meta property=\"og:type\" content=\"article\" \/>\n<meta property=\"og:title\" content=\"Vers un p\u00e9age urbain ?? - FFMC76\" \/>\n<meta property=\"og:description\" content=\"Ceux qui ne se sentaient pas concerner par les ZCR (zone de circulation restreinte) devront revoir leur copie car le Gouvernement souhaite &#8230;\" \/>\n<meta property=\"og:url\" content=\"https:\/\/ffmc76.fr\/index.php\/2018\/01\/26\/vers-un-peage-urbain\/\" \/>\n<meta property=\"og:site_name\" content=\"FFMC76\" \/>\n<meta property=\"article:publisher\" content=\"https:\/\/www.facebook.com\/FFMC76\" \/>\n<meta property=\"article:published_time\" content=\"2018-01-26T07:44:53+00:00\" \/>\n<meta property=\"article:modified_time\" content=\"2018-01-27T07:47:36+00:00\" \/>\n<meta property=\"og:image\" content=\"https:\/\/ffmc76.fr\/wp-content\/uploads\/2018\/01\/images.png\" \/>\n\t<meta property=\"og:image:width\" content=\"241\" \/>\n\t<meta property=\"og:image:height\" content=\"209\" \/>\n\t<meta property=\"og:image:type\" content=\"image\/png\" \/>\n<meta name=\"author\" content=\"Coord FFMC76\" \/>\n<meta name=\"twitter:card\" content=\"summary_large_image\" \/>\n<meta name=\"twitter:label1\" content=\"\u00c9crit par\" \/>\n\t<meta name=\"twitter:data1\" content=\"Coord FFMC76\" \/>\n\t<meta name=\"twitter:label2\" content=\"Dur\u00e9e de lecture estim\u00e9e\" \/>\n\t<meta name=\"twitter:data2\" content=\"1 minute\" \/>\n<script type=\"application\/ld+json\" class=\"yoast-schema-graph\">{\"@context\":\"https:\\\/\\\/schema.org\",\"@graph\":[{\"@type\":\"Article\",\"@id\":\"https:\\\/\\\/ffmc76.fr\\\/index.php\\\/2018\\\/01\\\/26\\\/vers-un-peage-urbain\\\/#article\",\"isPartOf\":{\"@id\":\"https:\\\/\\\/ffmc76.fr\\\/index.php\\\/2018\\\/01\\\/26\\\/vers-un-peage-urbain\\\/\"},\"author\":{\"name\":\"Coord FFMC76\",\"@id\":\"https:\\\/\\\/ffmc76.fr\\\/#\\\/schema\\\/person\\\/2973ea11b6861379c05a6a45328d5450\"},\"headline\":\"Vers un p\u00e9age urbain ??\",\"datePublished\":\"2018-01-26T07:44:53+00:00\",\"dateModified\":\"2018-01-27T07:47:36+00:00\",\"mainEntityOfPage\":{\"@id\":\"https:\\\/\\\/ffmc76.fr\\\/index.php\\\/2018\\\/01\\\/26\\\/vers-un-peage-urbain\\\/\"},\"wordCount\":129,\"commentCount\":2,\"publisher\":{\"@id\":\"https:\\\/\\\/ffmc76.fr\\\/#organization\"},\"image\":{\"@id\":\"https:\\\/\\\/ffmc76.fr\\\/index.php\\\/2018\\\/01\\\/26\\\/vers-un-peage-urbain\\\/#primaryimage\"},\"thumbnailUrl\":\"https:\\\/\\\/ffmc76.fr\\\/wp-content\\\/uploads\\\/2018\\\/01\\\/images.png\",\"articleSection\":[\"Ev\u00e9nement\"],\"inLanguage\":\"fr-FR\",\"potentialAction\":[{\"@type\":\"CommentAction\",\"name\":\"Comment\",\"target\":[\"https:\\\/\\\/ffmc76.fr\\\/index.php\\\/2018\\\/01\\\/26\\\/vers-un-peage-urbain\\\/#respond\"]}]},{\"@type\":\"WebPage\",\"@id\":\"https:\\\/\\\/ffmc76.fr\\\/index.php\\\/2018\\\/01\\\/26\\\/vers-un-peage-urbain\\\/\",\"url\":\"https:\\\/\\\/ffmc76.fr\\\/index.php\\\/2018\\\/01\\\/26\\\/vers-un-peage-urbain\\\/\",\"name\":\"Vers un p\u00e9age urbain ?? - FFMC76\",\"isPartOf\":{\"@id\":\"https:\\\/\\\/ffmc76.fr\\\/#website\"},\"primaryImageOfPage\":{\"@id\":\"https:\\\/\\\/ffmc76.fr\\\/index.php\\\/2018\\\/01\\\/26\\\/vers-un-peage-urbain\\\/#primaryimage\"},\"image\":{\"@id\":\"https:\\\/\\\/ffmc76.fr\\\/index.php\\\/2018\\\/01\\\/26\\\/vers-un-peage-urbain\\\/#primaryimage\"},\"thumbnailUrl\":\"https:\\\/\\\/ffmc76.fr\\\/wp-content\\\/uploads\\\/2018\\\/01\\\/images.png\",\"datePublished\":\"2018-01-26T07:44:53+00:00\",\"dateModified\":\"2018-01-27T07:47:36+00:00\",\"breadcrumb\":{\"@id\":\"https:\\\/\\\/ffmc76.fr\\\/index.php\\\/2018\\\/01\\\/26\\\/vers-un-peage-urbain\\\/#breadcrumb\"},\"inLanguage\":\"fr-FR\",\"potentialAction\":[{\"@type\":\"ReadAction\",\"target\":[\"https:\\\/\\\/ffmc76.fr\\\/index.php\\\/2018\\\/01\\\/26\\\/vers-un-peage-urbain\\\/\"]}]},{\"@type\":\"ImageObject\",\"inLanguage\":\"fr-FR\",\"@id\":\"https:\\\/\\\/ffmc76.fr\\\/index.php\\\/2018\\\/01\\\/26\\\/vers-un-peage-urbain\\\/#primaryimage\",\"url\":\"https:\\\/\\\/ffmc76.fr\\\/wp-content\\\/uploads\\\/2018\\\/01\\\/images.png\",\"contentUrl\":\"https:\\\/\\\/ffmc76.fr\\\/wp-content\\\/uploads\\\/2018\\\/01\\\/images.png\",\"width\":241,\"height\":209},{\"@type\":\"BreadcrumbList\",\"@id\":\"https:\\\/\\\/ffmc76.fr\\\/index.php\\\/2018\\\/01\\\/26\\\/vers-un-peage-urbain\\\/#breadcrumb\",\"itemListElement\":[{\"@type\":\"ListItem\",\"position\":1,\"name\":\"Accueil\",\"item\":\"https:\\\/\\\/ffmc76.fr\\\/\"},{\"@type\":\"ListItem\",\"position\":2,\"name\":\"Vers un p\u00e9age urbain ??\"}]},{\"@type\":\"WebSite\",\"@id\":\"https:\\\/\\\/ffmc76.fr\\\/#website\",\"url\":\"https:\\\/\\\/ffmc76.fr\\\/\",\"name\":\"FFMC76\",\"description\":\"F\u00e9d\u00e9ration Fran\u00e7aise des Motards en Col\u00e8re, antenne de Seine-Maritime\",\"publisher\":{\"@id\":\"https:\\\/\\\/ffmc76.fr\\\/#organization\"},\"potentialAction\":[{\"@type\":\"SearchAction\",\"target\":{\"@type\":\"EntryPoint\",\"urlTemplate\":\"https:\\\/\\\/ffmc76.fr\\\/?s={search_term_string}\"},\"query-input\":{\"@type\":\"PropertyValueSpecification\",\"valueRequired\":true,\"valueName\":\"search_term_string\"}}],\"inLanguage\":\"fr-FR\"},{\"@type\":\"Organization\",\"@id\":\"https:\\\/\\\/ffmc76.fr\\\/#organization\",\"name\":\"FFMC76\",\"url\":\"https:\\\/\\\/ffmc76.fr\\\/\",\"logo\":{\"@type\":\"ImageObject\",\"inLanguage\":\"fr-FR\",\"@id\":\"https:\\\/\\\/ffmc76.fr\\\/#\\\/schema\\\/logo\\\/image\\\/\",\"url\":\"https:\\\/\\\/ffmc76.fr\\\/wp-content\\\/uploads\\\/2023\\\/01\\\/logo_boxeur-76.png\",\"contentUrl\":\"https:\\\/\\\/ffmc76.fr\\\/wp-content\\\/uploads\\\/2023\\\/01\\\/logo_boxeur-76.png\",\"width\":545,\"height\":712,\"caption\":\"FFMC76\"},\"image\":{\"@id\":\"https:\\\/\\\/ffmc76.fr\\\/#\\\/schema\\\/logo\\\/image\\\/\"},\"sameAs\":[\"https:\\\/\\\/www.facebook.com\\\/FFMC76\"]},{\"@type\":\"Person\",\"@id\":\"https:\\\/\\\/ffmc76.fr\\\/#\\\/schema\\\/person\\\/2973ea11b6861379c05a6a45328d5450\",\"name\":\"Coord FFMC76\",\"image\":{\"@type\":\"ImageObject\",\"inLanguage\":\"fr-FR\",\"@id\":\"https:\\\/\\\/secure.gravatar.com\\\/avatar\\\/0a85372150960d89abbff693f7d8bd13852c310fe3cb61d31c6787fcbe712188?s=96&d=mm&r=g\",\"url\":\"https:\\\/\\\/secure.gravatar.com\\\/avatar\\\/0a85372150960d89abbff693f7d8bd13852c310fe3cb61d31c6787fcbe712188?s=96&d=mm&r=g\",\"contentUrl\":\"https:\\\/\\\/secure.gravatar.com\\\/avatar\\\/0a85372150960d89abbff693f7d8bd13852c310fe3cb61d31c6787fcbe712188?s=96&d=mm&r=g\",\"caption\":\"Coord FFMC76\"},\"description\":\"Membre du bureau de la FFMC76 (Coordinateur)\",\"url\":\"https:\\\/\\\/ffmc76.fr\\\/index.php\\\/author\\\/gwen\\\/\"}]}<\/script>\n<!-- \/ Yoast SEO plugin. -->","yoast_head_json":{"title":"Vers un p\u00e9age urbain ?? - FFMC76","robots":{"index":"index","follow":"follow","max-snippet":"max-snippet:-1","max-image-preview":"max-image-preview:large","max-video-preview":"max-video-preview:-1"},"canonical":"https:\/\/ffmc76.fr\/index.php\/2018\/01\/26\/vers-un-peage-urbain\/","og_locale":"fr_FR","og_type":"article","og_title":"Vers un p\u00e9age urbain ?? - FFMC76","og_description":"Ceux qui ne se sentaient pas concerner par les ZCR (zone de circulation restreinte) devront revoir leur copie car le Gouvernement souhaite &#8230;","og_url":"https:\/\/ffmc76.fr\/index.php\/2018\/01\/26\/vers-un-peage-urbain\/","og_site_name":"FFMC76","article_publisher":"https:\/\/www.facebook.com\/FFMC76","article_published_time":"2018-01-26T07:44:53+00:00","article_modified_time":"2018-01-27T07:47:36+00:00","og_image":[{"width":241,"height":209,"url":"https:\/\/ffmc76.fr\/wp-content\/uploads\/2018\/01\/images.png","type":"image\/png"}],"author":"Coord FFMC76","twitter_card":"summary_large_image","twitter_misc":{"\u00c9crit par":"Coord FFMC76","Dur\u00e9e de lecture estim\u00e9e":"1 minute"},"schema":{"@context":"https:\/\/schema.org","@graph":[{"@type":"Article","@id":"https:\/\/ffmc76.fr\/index.php\/2018\/01\/26\/vers-un-peage-urbain\/#article","isPartOf":{"@id":"https:\/\/ffmc76.fr\/index.php\/2018\/01\/26\/vers-un-peage-urbain\/"},"author":{"name":"Coord FFMC76","@id":"https:\/\/ffmc76.fr\/#\/schema\/person\/2973ea11b6861379c05a6a45328d5450"},"headline":"Vers un p\u00e9age urbain ??","datePublished":"2018-01-26T07:44:53+00:00","dateModified":"2018-01-27T07:47:36+00:00","mainEntityOfPage":{"@id":"https:\/\/ffmc76.fr\/index.php\/2018\/01\/26\/vers-un-peage-urbain\/"},"wordCount":129,"commentCount":2,"publisher":{"@id":"https:\/\/ffmc76.fr\/#organization"},"image":{"@id":"https:\/\/ffmc76.fr\/index.php\/2018\/01\/26\/vers-un-peage-urbain\/#primaryimage"},"thumbnailUrl":"https:\/\/ffmc76.fr\/wp-content\/uploads\/2018\/01\/images.png","articleSection":["Ev\u00e9nement"],"inLanguage":"fr-FR","potentialAction":[{"@type":"CommentAction","name":"Comment","target":["https:\/\/ffmc76.fr\/index.php\/2018\/01\/26\/vers-un-peage-urbain\/#respond"]}]},{"@type":"WebPage","@id":"https:\/\/ffmc76.fr\/index.php\/2018\/01\/26\/vers-un-peage-urbain\/","url":"https:\/\/ffmc76.fr\/index.php\/2018\/01\/26\/vers-un-peage-urbain\/","name":"Vers un p\u00e9age urbain ?? - FFMC76","isPartOf":{"@id":"https:\/\/ffmc76.fr\/#website"},"primaryImageOfPage":{"@id":"https:\/\/ffmc76.fr\/index.php\/2018\/01\/26\/vers-un-peage-urbain\/#primaryimage"},"image":{"@id":"https:\/\/ffmc76.fr\/index.php\/2018\/01\/26\/vers-un-peage-urbain\/#primaryimage"},"thumbnailUrl":"https:\/\/ffmc76.fr\/wp-content\/uploads\/2018\/01\/images.png","datePublished":"2018-01-26T07:44:53+00:00","dateModified":"2018-01-27T07:47:36+00:00","breadcrumb":{"@id":"https:\/\/ffmc76.fr\/index.php\/2018\/01\/26\/vers-un-peage-urbain\/#breadcrumb"},"inLanguage":"fr-FR","potentialAction":[{"@type":"ReadAction","target":["https:\/\/ffmc76.fr\/index.php\/2018\/01\/26\/vers-un-peage-urbain\/"]}]},{"@type":"ImageObject","inLanguage":"fr-FR","@id":"https:\/\/ffmc76.fr\/index.php\/2018\/01\/26\/vers-un-peage-urbain\/#primaryimage","url":"https:\/\/ffmc76.fr\/wp-content\/uploads\/2018\/01\/images.png","contentUrl":"https:\/\/ffmc76.fr\/wp-content\/uploads\/2018\/01\/images.png","width":241,"height":209},{"@type":"BreadcrumbList","@id":"https:\/\/ffmc76.fr\/index.php\/2018\/01\/26\/vers-un-peage-urbain\/#breadcrumb","itemListElement":[{"@type":"ListItem","position":1,"name":"Accueil","item":"https:\/\/ffmc76.fr\/"},{"@type":"ListItem","position":2,"name":"Vers un p\u00e9age urbain ??"}]},{"@type":"WebSite","@id":"https:\/\/ffmc76.fr\/#website","url":"https:\/\/ffmc76.fr\/","name":"FFMC76","description":"F\u00e9d\u00e9ration Fran\u00e7aise des Motards en Col\u00e8re, antenne de Seine-Maritime","publisher":{"@id":"https:\/\/ffmc76.fr\/#organization"},"potentialAction":[{"@type":"SearchAction","target":{"@type":"EntryPoint","urlTemplate":"https:\/\/ffmc76.fr\/?s={search_term_string}"},"query-input":{"@type":"PropertyValueSpecification","valueRequired":true,"valueName":"search_term_string"}}],"inLanguage":"fr-FR"},{"@type":"Organization","@id":"https:\/\/ffmc76.fr\/#organization","name":"FFMC76","url":"https:\/\/ffmc76.fr\/","logo":{"@type":"ImageObject","inLanguage":"fr-FR","@id":"https:\/\/ffmc76.fr\/#\/schema\/logo\/image\/","url":"https:\/\/ffmc76.fr\/wp-content\/uploads\/2023\/01\/logo_boxeur-76.png","contentUrl":"https:\/\/ffmc76.fr\/wp-content\/uploads\/2023\/01\/logo_boxeur-76.png","width":545,"height":712,"caption":"FFMC76"},"image":{"@id":"https:\/\/ffmc76.fr\/#\/schema\/logo\/image\/"},"sameAs":["https:\/\/www.facebook.com\/FFMC76"]},{"@type":"Person","@id":"https:\/\/ffmc76.fr\/#\/schema\/person\/2973ea11b6861379c05a6a45328d5450","name":"Coord FFMC76","image":{"@type":"ImageObject","inLanguage":"fr-FR","@id":"https:\/\/secure.gravatar.com\/avatar\/0a85372150960d89abbff693f7d8bd13852c310fe3cb61d31c6787fcbe712188?s=96&d=mm&r=g","url":"https:\/\/secure.gravatar.com\/avatar\/0a85372150960d89abbff693f7d8bd13852c310fe3cb61d31c6787fcbe712188?s=96&d=mm&r=g","contentUrl":"https:\/\/secure.gravatar.com\/avatar\/0a85372150960d89abbff693f7d8bd13852c310fe3cb61d31c6787fcbe712188?s=96&d=mm&r=g","caption":"Coord FFMC76"},"description":"Membre du bureau de la FFMC76 (Coordinateur)","url":"https:\/\/ffmc76.fr\/index.php\/author\/gwen\/"}]}},"_links":{"self":[{"href":"https:\/\/ffmc76.fr\/index.php\/wp-json\/wp\/v2\/posts\/6103","targetHints":{"allow":["GET"]}}],"collection":[{"href":"https:\/\/ffmc76.fr\/index.php\/wp-json\/wp\/v2\/posts"}],"about":[{"href":"https:\/\/ffmc76.fr\/index.php\/wp-json\/wp\/v2\/types\/post"}],"author":[{"embeddable":true,"href":"https:\/\/ffmc76.fr\/index.php\/wp-json\/wp\/v2\/users\/4"}],"replies":[{"embeddable":true,"href":"https:\/\/ffmc76.fr\/index.php\/wp-json\/wp\/v2\/comments?post=6103"}],"version-history":[{"count":8,"href":"https:\/\/ffmc76.fr\/index.php\/wp-json\/wp\/v2\/posts\/6103\/revisions"}],"predecessor-version":[{"id":6124,"href":"https:\/\/ffmc76.fr\/index.php\/wp-json\/wp\/v2\/posts\/6103\/revisions\/6124"}],"wp:featuredmedia":[{"embeddable":true,"href":"https:\/\/ffmc76.fr\/index.php\/wp-json\/wp\/v2\/media\/6105"}],"wp:attachment":[{"href":"https:\/\/ffmc76.fr\/index.php\/wp-json\/wp\/v2\/media?parent=6103"}],"wp:term":[{"taxonomy":"category","embeddable":true,"href":"https:\/\/ffmc76.fr\/index.php\/wp-json\/wp\/v2\/categories?post=6103"},{"taxonomy":"post_tag","embeddable":true,"href":"https:\/\/ffmc76.fr\/index.php\/wp-json\/wp\/v2\/tags?post=6103"}],"curies":[{"name":"wp","href":"https:\/\/api.w.org\/{rel}","templated":true}]}}