{"id":6604,"date":"2018-06-09T21:28:56","date_gmt":"2018-06-09T19:28:56","guid":{"rendered":"http:\/\/ffmc76.fr\/?p=6604"},"modified":"2018-06-11T18:52:41","modified_gmt":"2018-06-11T16:52:41","slug":"operations-coup-de-poing","status":"publish","type":"post","link":"https:\/\/ffmc76.fr\/index.php\/2018\/06\/09\/operations-coup-de-poing\/","title":{"rendered":"OP\u00c9RATIONS COUP DE POING"},"content":{"rendered":"<p>C&rsquo;est la derni\u00e8re ligne droite.<\/p>\n<p>La FFMC 76 ne mollie pas et n&rsquo;est pas fataliste.<\/p>\n<p>Car certains d\u00e9put\u00e9s, et m\u00eame de la majorit\u00e9, se posent des questions sur le bien fond\u00e9 de certaines mesures annonc\u00e9es le 9 janvier dernier par le CNSR et notamment sur la mise en place du 80km\/h sur les routes bidirectionnelles.<\/p>\n<p>Certains d\u00e9partements menacent de ne pas faire appliquer les 80km\/h ou d&rsquo;installer les panneaux.<\/p>\n<p>Le maire de Naujac sur mer en Gironde a publi\u00e9 un arr\u00eat\u00e9 pour que les voitures radars mobiles n&rsquo;y passent pas<\/p>\n<p>Apportons leur notre soutien, surtout que ces mesures pourraient n\u2019\u00eatre que le d\u00e9but de toute une s\u00e9rie :<\/p>\n<ul>\n<li>CT (remorque, moto, tous les ans pour les automobiles, &#8230;)<\/li>\n<li>\u00a0p\u00e9age urbain<\/li>\n<li>privatisation du r\u00e9seau secondaire<\/li>\n<\/ul>\n<p>Automobilistes, professionnels, citoyens, motards, motardes si vous en avez marre de payer si vous ne voulez pas que ces mesures soient appliqu\u00e9es, c&rsquo;est maintenant ou jamais !!!!<\/p>\n<p>Depuis le mois de janvier, c&rsquo;est plus de 250 manifestations que la FFMC a organis\u00e9es sur le territoire fran\u00e7ais.<\/p>\n<p>Le 1er juillet doit \u00eatre le jour de la mise en place des 80km\/h. Mais il n&rsquo;appartient qu&rsquo;\u00e0 nous, tous ensemble, de ne pas faire appliquer cette mesure.<\/p>\n<p style=\"text-align: center\"><strong>ALORS POUR MONTRER NOTRE D\u00c9TERMINATION, R\u00c9SERVEZ VOTRE WEEKEND DES 30 JUIN ET 1ER JUILLET POUR DES OP\u00c9RATIONS COUP DE POING\u00a0 !!!!<\/strong><\/p>\n<p>Voici le programme :<\/p>\n<ul>\n<li>Le vendredi soir, Nuit 2-roues \u00e0 Caen (pas de d\u00e9part pr\u00e9vu). Ce rassemblement aurait lieu au Parc des Expos avec barbecue, musique, d\u00e9fil\u00e9 en ville et d&rsquo;autres surprises.<\/li>\n<li>Pour le samedi 30 juin, la manifestation se passera \u00e0 Paris-Ile de France avec accueil d\u00e8s le vendredi 29 au circuit Carole (d\u00e9parts de Rouen le vendredi soir et le samedi &#8211; plus d&rsquo;infos prochainement).<\/li>\n<li>Le dimanche 1er juillet, manifestation autour de Rouen.<\/li>\n<\/ul>\n<div>Concernant le rassemblement sur le Circuit Carole, chaque motard et motarde doit s&rsquo;inscrire par courriel \u00e0 l&rsquo;adresse\u00a0 antenne.ffmc76@gmail.com ou voie postale (FFMC 76 &#8211; 9, rue Jacques Lelieur &#8211; 76000 Rouen) avant le 17 juin 18h00. Chaque inscrit s&rsquo;engage \u00e0 envoyer\/donner un ch\u00e8que de 10 euros ou \u00e0 verser la somme de 10 euros au plus tard au moment du d\u00e9part de Rouen, le vendredi soir)<strong>.<\/strong><\/div>\n<div><strong>S&rsquo;il y a annulation entre le 18 et le 29, la somme de 10 euros devra \u00eatre quand m\u00eame vers\u00e9e <\/strong>car l&rsquo;antenne FFMC-PPC aura engag\u00e9 des frais pour acheter la nourriture en amont.<br \/>\nSur place, il y aura des WCs et des douches.<br \/>\nEn revanche chacun(e) doit apporter son mat\u00e9riel de camping\/couchage<br \/>\nLe prix du repas du\u00a0<a>vendredi soir<\/a>\u00a0est de 10\u20ac par t\u00eate.<\/div>\n<div>ATTENTION : H\u00c9BERGEMENT POSSIBLE LE <a>SAMEDI SOIR<\/a> APR\u00c8S LA MANIF SUR INSCRIPTION PR\u00c9ALABLE MAIS PAS DE REPAS.<\/div>\n<div><\/div>\n<p><a href=\"http:\/\/ffmc76.fr\/wp-content\/uploads\/2018\/06\/Affiche_manif_du_01072018.jpg\"><img loading=\"lazy\" decoding=\"async\" class=\"size-medium wp-image-6605 aligncenter\" src=\"https:\/\/ffmc76.fr\/wp-content\/uploads\/2018\/06\/Affiche_manif_du_01072018-212x300.jpg\" alt=\"\" width=\"212\" height=\"300\" srcset=\"https:\/\/ffmc76.fr\/wp-content\/uploads\/2018\/06\/Affiche_manif_du_01072018-212x300.jpg 212w, https:\/\/ffmc76.fr\/wp-content\/uploads\/2018\/06\/Affiche_manif_du_01072018-768x1086.jpg 768w, https:\/\/ffmc76.fr\/wp-content\/uploads\/2018\/06\/Affiche_manif_du_01072018-724x1024.jpg 724w, https:\/\/ffmc76.fr\/wp-content\/uploads\/2018\/06\/Affiche_manif_du_01072018-600x848.jpg 600w, https:\/\/ffmc76.fr\/wp-content\/uploads\/2018\/06\/Affiche_manif_du_01072018-700x990.jpg 700w, https:\/\/ffmc76.fr\/wp-content\/uploads\/2018\/06\/Affiche_manif_du_01072018.jpg 1754w\" sizes=\"auto, (max-width: 212px) 100vw, 212px\" \/><\/a>D&rsquo;autres informations arriveront prochainement.<\/p>\n<p style=\"text-align: center\"><strong>Ne l\u00e2chons rien, il y va de notre avenir !<\/strong><\/p>\n<p>&nbsp;<\/p>\n","protected":false},"excerpt":{"rendered":"<p>C&rsquo;est la derni\u00e8re ligne droite. La FFMC 76 ne mollie pas et n&rsquo;est pas fataliste. Car certains d\u00e9put\u00e9s, et m\u00eame de la majorit\u00e9, se posent des questions sur le bien fond\u00e9 de certaines mesures annonc\u00e9es le 9 janvier dernier par le CNSR et notamment sur la mise en place du &#8230;<\/p>\n","protected":false},"author":4,"featured_media":6605,"comment_status":"open","ping_status":"open","sticky":false,"template":"","format":"standard","meta":{"inline_featured_image":false,"cybocfi_hide_featured_image":"","footnotes":""},"categories":[1],"tags":[],"class_list":["post-6604","post","type-post","status-publish","format-standard","has-post-thumbnail","hentry","category-non-classe","column","twocol","has-thumbnail"],"yoast_head":"<!-- This site is optimized with the Yoast SEO plugin v27.3 - https:\/\/yoast.com\/product\/yoast-seo-wordpress\/ -->\n<title>OP\u00c9RATIONS COUP DE POING - FFMC76<\/title>\n<meta name=\"robots\" content=\"index, follow, max-snippet:-1, max-image-preview:large, max-video-preview:-1\" \/>\n<link rel=\"canonical\" href=\"https:\/\/ffmc76.fr\/index.php\/2018\/06\/09\/operations-coup-de-poing\/\" \/>\n<meta property=\"og:locale\" content=\"fr_FR\" \/>\n<meta property=\"og:type\" content=\"article\" \/>\n<meta property=\"og:title\" content=\"OP\u00c9RATIONS COUP DE POING - FFMC76\" \/>\n<meta property=\"og:description\" content=\"C&rsquo;est la derni\u00e8re ligne droite. La FFMC 76 ne mollie pas et n&rsquo;est pas fataliste. Car certains d\u00e9put\u00e9s, et m\u00eame de la &#8230;\" \/>\n<meta property=\"og:url\" content=\"https:\/\/ffmc76.fr\/index.php\/2018\/06\/09\/operations-coup-de-poing\/\" \/>\n<meta property=\"og:site_name\" content=\"FFMC76\" \/>\n<meta property=\"article:publisher\" content=\"https:\/\/www.facebook.com\/FFMC76\" \/>\n<meta property=\"article:published_time\" content=\"2018-06-09T19:28:56+00:00\" \/>\n<meta property=\"article:modified_time\" content=\"2018-06-11T16:52:41+00:00\" \/>\n<meta property=\"og:image\" content=\"https:\/\/ffmc76.fr\/wp-content\/uploads\/2018\/06\/Affiche_manif_du_01072018.jpg\" \/>\n\t<meta property=\"og:image:width\" content=\"1754\" \/>\n\t<meta property=\"og:image:height\" content=\"2480\" \/>\n\t<meta property=\"og:image:type\" content=\"image\/jpeg\" \/>\n<meta name=\"author\" content=\"Coord FFMC76\" \/>\n<meta name=\"twitter:card\" content=\"summary_large_image\" \/>\n<meta name=\"twitter:label1\" content=\"\u00c9crit par\" \/>\n\t<meta name=\"twitter:data1\" content=\"Coord FFMC76\" \/>\n\t<meta name=\"twitter:label2\" content=\"Dur\u00e9e de lecture estim\u00e9e\" \/>\n\t<meta name=\"twitter:data2\" content=\"2 minutes\" \/>\n<script type=\"application\/ld+json\" class=\"yoast-schema-graph\">{\"@context\":\"https:\\\/\\\/schema.org\",\"@graph\":[{\"@type\":\"Article\",\"@id\":\"https:\\\/\\\/ffmc76.fr\\\/index.php\\\/2018\\\/06\\\/09\\\/operations-coup-de-poing\\\/#article\",\"isPartOf\":{\"@id\":\"https:\\\/\\\/ffmc76.fr\\\/index.php\\\/2018\\\/06\\\/09\\\/operations-coup-de-poing\\\/\"},\"author\":{\"name\":\"Coord FFMC76\",\"@id\":\"https:\\\/\\\/ffmc76.fr\\\/#\\\/schema\\\/person\\\/2973ea11b6861379c05a6a45328d5450\"},\"headline\":\"OP\u00c9RATIONS COUP DE POING\",\"datePublished\":\"2018-06-09T19:28:56+00:00\",\"dateModified\":\"2018-06-11T16:52:41+00:00\",\"mainEntityOfPage\":{\"@id\":\"https:\\\/\\\/ffmc76.fr\\\/index.php\\\/2018\\\/06\\\/09\\\/operations-coup-de-poing\\\/\"},\"wordCount\":490,\"commentCount\":2,\"publisher\":{\"@id\":\"https:\\\/\\\/ffmc76.fr\\\/#organization\"},\"image\":{\"@id\":\"https:\\\/\\\/ffmc76.fr\\\/index.php\\\/2018\\\/06\\\/09\\\/operations-coup-de-poing\\\/#primaryimage\"},\"thumbnailUrl\":\"https:\\\/\\\/ffmc76.fr\\\/wp-content\\\/uploads\\\/2018\\\/06\\\/Affiche_manif_du_01072018.jpg\",\"inLanguage\":\"fr-FR\",\"potentialAction\":[{\"@type\":\"CommentAction\",\"name\":\"Comment\",\"target\":[\"https:\\\/\\\/ffmc76.fr\\\/index.php\\\/2018\\\/06\\\/09\\\/operations-coup-de-poing\\\/#respond\"]}]},{\"@type\":\"WebPage\",\"@id\":\"https:\\\/\\\/ffmc76.fr\\\/index.php\\\/2018\\\/06\\\/09\\\/operations-coup-de-poing\\\/\",\"url\":\"https:\\\/\\\/ffmc76.fr\\\/index.php\\\/2018\\\/06\\\/09\\\/operations-coup-de-poing\\\/\",\"name\":\"OP\u00c9RATIONS COUP DE POING - FFMC76\",\"isPartOf\":{\"@id\":\"https:\\\/\\\/ffmc76.fr\\\/#website\"},\"primaryImageOfPage\":{\"@id\":\"https:\\\/\\\/ffmc76.fr\\\/index.php\\\/2018\\\/06\\\/09\\\/operations-coup-de-poing\\\/#primaryimage\"},\"image\":{\"@id\":\"https:\\\/\\\/ffmc76.fr\\\/index.php\\\/2018\\\/06\\\/09\\\/operations-coup-de-poing\\\/#primaryimage\"},\"thumbnailUrl\":\"https:\\\/\\\/ffmc76.fr\\\/wp-content\\\/uploads\\\/2018\\\/06\\\/Affiche_manif_du_01072018.jpg\",\"datePublished\":\"2018-06-09T19:28:56+00:00\",\"dateModified\":\"2018-06-11T16:52:41+00:00\",\"breadcrumb\":{\"@id\":\"https:\\\/\\\/ffmc76.fr\\\/index.php\\\/2018\\\/06\\\/09\\\/operations-coup-de-poing\\\/#breadcrumb\"},\"inLanguage\":\"fr-FR\",\"potentialAction\":[{\"@type\":\"ReadAction\",\"target\":[\"https:\\\/\\\/ffmc76.fr\\\/index.php\\\/2018\\\/06\\\/09\\\/operations-coup-de-poing\\\/\"]}]},{\"@type\":\"ImageObject\",\"inLanguage\":\"fr-FR\",\"@id\":\"https:\\\/\\\/ffmc76.fr\\\/index.php\\\/2018\\\/06\\\/09\\\/operations-coup-de-poing\\\/#primaryimage\",\"url\":\"https:\\\/\\\/ffmc76.fr\\\/wp-content\\\/uploads\\\/2018\\\/06\\\/Affiche_manif_du_01072018.jpg\",\"contentUrl\":\"https:\\\/\\\/ffmc76.fr\\\/wp-content\\\/uploads\\\/2018\\\/06\\\/Affiche_manif_du_01072018.jpg\",\"width\":1754,\"height\":2480},{\"@type\":\"BreadcrumbList\",\"@id\":\"https:\\\/\\\/ffmc76.fr\\\/index.php\\\/2018\\\/06\\\/09\\\/operations-coup-de-poing\\\/#breadcrumb\",\"itemListElement\":[{\"@type\":\"ListItem\",\"position\":1,\"name\":\"Accueil\",\"item\":\"https:\\\/\\\/ffmc76.fr\\\/\"},{\"@type\":\"ListItem\",\"position\":2,\"name\":\"OP\u00c9RATIONS COUP DE POING\"}]},{\"@type\":\"WebSite\",\"@id\":\"https:\\\/\\\/ffmc76.fr\\\/#website\",\"url\":\"https:\\\/\\\/ffmc76.fr\\\/\",\"name\":\"FFMC76\",\"description\":\"F\u00e9d\u00e9ration Fran\u00e7aise des Motards en Col\u00e8re, antenne de Seine-Maritime\",\"publisher\":{\"@id\":\"https:\\\/\\\/ffmc76.fr\\\/#organization\"},\"potentialAction\":[{\"@type\":\"SearchAction\",\"target\":{\"@type\":\"EntryPoint\",\"urlTemplate\":\"https:\\\/\\\/ffmc76.fr\\\/?s={search_term_string}\"},\"query-input\":{\"@type\":\"PropertyValueSpecification\",\"valueRequired\":true,\"valueName\":\"search_term_string\"}}],\"inLanguage\":\"fr-FR\"},{\"@type\":\"Organization\",\"@id\":\"https:\\\/\\\/ffmc76.fr\\\/#organization\",\"name\":\"FFMC76\",\"url\":\"https:\\\/\\\/ffmc76.fr\\\/\",\"logo\":{\"@type\":\"ImageObject\",\"inLanguage\":\"fr-FR\",\"@id\":\"https:\\\/\\\/ffmc76.fr\\\/#\\\/schema\\\/logo\\\/image\\\/\",\"url\":\"https:\\\/\\\/ffmc76.fr\\\/wp-content\\\/uploads\\\/2023\\\/01\\\/logo_boxeur-76.png\",\"contentUrl\":\"https:\\\/\\\/ffmc76.fr\\\/wp-content\\\/uploads\\\/2023\\\/01\\\/logo_boxeur-76.png\",\"width\":545,\"height\":712,\"caption\":\"FFMC76\"},\"image\":{\"@id\":\"https:\\\/\\\/ffmc76.fr\\\/#\\\/schema\\\/logo\\\/image\\\/\"},\"sameAs\":[\"https:\\\/\\\/www.facebook.com\\\/FFMC76\"]},{\"@type\":\"Person\",\"@id\":\"https:\\\/\\\/ffmc76.fr\\\/#\\\/schema\\\/person\\\/2973ea11b6861379c05a6a45328d5450\",\"name\":\"Coord FFMC76\",\"image\":{\"@type\":\"ImageObject\",\"inLanguage\":\"fr-FR\",\"@id\":\"https:\\\/\\\/secure.gravatar.com\\\/avatar\\\/0a85372150960d89abbff693f7d8bd13852c310fe3cb61d31c6787fcbe712188?s=96&d=mm&r=g\",\"url\":\"https:\\\/\\\/secure.gravatar.com\\\/avatar\\\/0a85372150960d89abbff693f7d8bd13852c310fe3cb61d31c6787fcbe712188?s=96&d=mm&r=g\",\"contentUrl\":\"https:\\\/\\\/secure.gravatar.com\\\/avatar\\\/0a85372150960d89abbff693f7d8bd13852c310fe3cb61d31c6787fcbe712188?s=96&d=mm&r=g\",\"caption\":\"Coord FFMC76\"},\"description\":\"Membre du bureau de la FFMC76 (Coordinateur)\",\"url\":\"https:\\\/\\\/ffmc76.fr\\\/index.php\\\/author\\\/gwen\\\/\"}]}<\/script>\n<!-- \/ Yoast SEO plugin. -->","yoast_head_json":{"title":"OP\u00c9RATIONS COUP DE POING - FFMC76","robots":{"index":"index","follow":"follow","max-snippet":"max-snippet:-1","max-image-preview":"max-image-preview:large","max-video-preview":"max-video-preview:-1"},"canonical":"https:\/\/ffmc76.fr\/index.php\/2018\/06\/09\/operations-coup-de-poing\/","og_locale":"fr_FR","og_type":"article","og_title":"OP\u00c9RATIONS COUP DE POING - FFMC76","og_description":"C&rsquo;est la derni\u00e8re ligne droite. La FFMC 76 ne mollie pas et n&rsquo;est pas fataliste. Car certains d\u00e9put\u00e9s, et m\u00eame de la &#8230;","og_url":"https:\/\/ffmc76.fr\/index.php\/2018\/06\/09\/operations-coup-de-poing\/","og_site_name":"FFMC76","article_publisher":"https:\/\/www.facebook.com\/FFMC76","article_published_time":"2018-06-09T19:28:56+00:00","article_modified_time":"2018-06-11T16:52:41+00:00","og_image":[{"width":1754,"height":2480,"url":"https:\/\/ffmc76.fr\/wp-content\/uploads\/2018\/06\/Affiche_manif_du_01072018.jpg","type":"image\/jpeg"}],"author":"Coord FFMC76","twitter_card":"summary_large_image","twitter_misc":{"\u00c9crit par":"Coord FFMC76","Dur\u00e9e de lecture estim\u00e9e":"2 minutes"},"schema":{"@context":"https:\/\/schema.org","@graph":[{"@type":"Article","@id":"https:\/\/ffmc76.fr\/index.php\/2018\/06\/09\/operations-coup-de-poing\/#article","isPartOf":{"@id":"https:\/\/ffmc76.fr\/index.php\/2018\/06\/09\/operations-coup-de-poing\/"},"author":{"name":"Coord FFMC76","@id":"https:\/\/ffmc76.fr\/#\/schema\/person\/2973ea11b6861379c05a6a45328d5450"},"headline":"OP\u00c9RATIONS COUP DE POING","datePublished":"2018-06-09T19:28:56+00:00","dateModified":"2018-06-11T16:52:41+00:00","mainEntityOfPage":{"@id":"https:\/\/ffmc76.fr\/index.php\/2018\/06\/09\/operations-coup-de-poing\/"},"wordCount":490,"commentCount":2,"publisher":{"@id":"https:\/\/ffmc76.fr\/#organization"},"image":{"@id":"https:\/\/ffmc76.fr\/index.php\/2018\/06\/09\/operations-coup-de-poing\/#primaryimage"},"thumbnailUrl":"https:\/\/ffmc76.fr\/wp-content\/uploads\/2018\/06\/Affiche_manif_du_01072018.jpg","inLanguage":"fr-FR","potentialAction":[{"@type":"CommentAction","name":"Comment","target":["https:\/\/ffmc76.fr\/index.php\/2018\/06\/09\/operations-coup-de-poing\/#respond"]}]},{"@type":"WebPage","@id":"https:\/\/ffmc76.fr\/index.php\/2018\/06\/09\/operations-coup-de-poing\/","url":"https:\/\/ffmc76.fr\/index.php\/2018\/06\/09\/operations-coup-de-poing\/","name":"OP\u00c9RATIONS COUP DE POING - FFMC76","isPartOf":{"@id":"https:\/\/ffmc76.fr\/#website"},"primaryImageOfPage":{"@id":"https:\/\/ffmc76.fr\/index.php\/2018\/06\/09\/operations-coup-de-poing\/#primaryimage"},"image":{"@id":"https:\/\/ffmc76.fr\/index.php\/2018\/06\/09\/operations-coup-de-poing\/#primaryimage"},"thumbnailUrl":"https:\/\/ffmc76.fr\/wp-content\/uploads\/2018\/06\/Affiche_manif_du_01072018.jpg","datePublished":"2018-06-09T19:28:56+00:00","dateModified":"2018-06-11T16:52:41+00:00","breadcrumb":{"@id":"https:\/\/ffmc76.fr\/index.php\/2018\/06\/09\/operations-coup-de-poing\/#breadcrumb"},"inLanguage":"fr-FR","potentialAction":[{"@type":"ReadAction","target":["https:\/\/ffmc76.fr\/index.php\/2018\/06\/09\/operations-coup-de-poing\/"]}]},{"@type":"ImageObject","inLanguage":"fr-FR","@id":"https:\/\/ffmc76.fr\/index.php\/2018\/06\/09\/operations-coup-de-poing\/#primaryimage","url":"https:\/\/ffmc76.fr\/wp-content\/uploads\/2018\/06\/Affiche_manif_du_01072018.jpg","contentUrl":"https:\/\/ffmc76.fr\/wp-content\/uploads\/2018\/06\/Affiche_manif_du_01072018.jpg","width":1754,"height":2480},{"@type":"BreadcrumbList","@id":"https:\/\/ffmc76.fr\/index.php\/2018\/06\/09\/operations-coup-de-poing\/#breadcrumb","itemListElement":[{"@type":"ListItem","position":1,"name":"Accueil","item":"https:\/\/ffmc76.fr\/"},{"@type":"ListItem","position":2,"name":"OP\u00c9RATIONS COUP DE POING"}]},{"@type":"WebSite","@id":"https:\/\/ffmc76.fr\/#website","url":"https:\/\/ffmc76.fr\/","name":"FFMC76","description":"F\u00e9d\u00e9ration Fran\u00e7aise des Motards en Col\u00e8re, antenne de Seine-Maritime","publisher":{"@id":"https:\/\/ffmc76.fr\/#organization"},"potentialAction":[{"@type":"SearchAction","target":{"@type":"EntryPoint","urlTemplate":"https:\/\/ffmc76.fr\/?s={search_term_string}"},"query-input":{"@type":"PropertyValueSpecification","valueRequired":true,"valueName":"search_term_string"}}],"inLanguage":"fr-FR"},{"@type":"Organization","@id":"https:\/\/ffmc76.fr\/#organization","name":"FFMC76","url":"https:\/\/ffmc76.fr\/","logo":{"@type":"ImageObject","inLanguage":"fr-FR","@id":"https:\/\/ffmc76.fr\/#\/schema\/logo\/image\/","url":"https:\/\/ffmc76.fr\/wp-content\/uploads\/2023\/01\/logo_boxeur-76.png","contentUrl":"https:\/\/ffmc76.fr\/wp-content\/uploads\/2023\/01\/logo_boxeur-76.png","width":545,"height":712,"caption":"FFMC76"},"image":{"@id":"https:\/\/ffmc76.fr\/#\/schema\/logo\/image\/"},"sameAs":["https:\/\/www.facebook.com\/FFMC76"]},{"@type":"Person","@id":"https:\/\/ffmc76.fr\/#\/schema\/person\/2973ea11b6861379c05a6a45328d5450","name":"Coord FFMC76","image":{"@type":"ImageObject","inLanguage":"fr-FR","@id":"https:\/\/secure.gravatar.com\/avatar\/0a85372150960d89abbff693f7d8bd13852c310fe3cb61d31c6787fcbe712188?s=96&d=mm&r=g","url":"https:\/\/secure.gravatar.com\/avatar\/0a85372150960d89abbff693f7d8bd13852c310fe3cb61d31c6787fcbe712188?s=96&d=mm&r=g","contentUrl":"https:\/\/secure.gravatar.com\/avatar\/0a85372150960d89abbff693f7d8bd13852c310fe3cb61d31c6787fcbe712188?s=96&d=mm&r=g","caption":"Coord FFMC76"},"description":"Membre du bureau de la FFMC76 (Coordinateur)","url":"https:\/\/ffmc76.fr\/index.php\/author\/gwen\/"}]}},"_links":{"self":[{"href":"https:\/\/ffmc76.fr\/index.php\/wp-json\/wp\/v2\/posts\/6604","targetHints":{"allow":["GET"]}}],"collection":[{"href":"https:\/\/ffmc76.fr\/index.php\/wp-json\/wp\/v2\/posts"}],"about":[{"href":"https:\/\/ffmc76.fr\/index.php\/wp-json\/wp\/v2\/types\/post"}],"author":[{"embeddable":true,"href":"https:\/\/ffmc76.fr\/index.php\/wp-json\/wp\/v2\/users\/4"}],"replies":[{"embeddable":true,"href":"https:\/\/ffmc76.fr\/index.php\/wp-json\/wp\/v2\/comments?post=6604"}],"version-history":[{"count":7,"href":"https:\/\/ffmc76.fr\/index.php\/wp-json\/wp\/v2\/posts\/6604\/revisions"}],"predecessor-version":[{"id":6619,"href":"https:\/\/ffmc76.fr\/index.php\/wp-json\/wp\/v2\/posts\/6604\/revisions\/6619"}],"wp:featuredmedia":[{"embeddable":true,"href":"https:\/\/ffmc76.fr\/index.php\/wp-json\/wp\/v2\/media\/6605"}],"wp:attachment":[{"href":"https:\/\/ffmc76.fr\/index.php\/wp-json\/wp\/v2\/media?parent=6604"}],"wp:term":[{"taxonomy":"category","embeddable":true,"href":"https:\/\/ffmc76.fr\/index.php\/wp-json\/wp\/v2\/categories?post=6604"},{"taxonomy":"post_tag","embeddable":true,"href":"https:\/\/ffmc76.fr\/index.php\/wp-json\/wp\/v2\/tags?post=6604"}],"curies":[{"name":"wp","href":"https:\/\/api.w.org\/{rel}","templated":true}]}}