{"id":7313,"date":"2019-05-23T15:45:58","date_gmt":"2019-05-23T13:45:58","guid":{"rendered":"http:\/\/ffmc76.fr\/?p=7313"},"modified":"2019-05-24T14:08:53","modified_gmt":"2019-05-24T12:08:53","slug":"jumbo-run-2019","status":"publish","type":"post","link":"https:\/\/ffmc76.fr\/index.php\/2019\/05\/23\/jumbo-run-2019\/","title":{"rendered":"JUMBO RUN 2019"},"content":{"rendered":"<p style=\"text-align: left\"><strong>Cette ann\u00e9e, ce samedi 27 avril, c&rsquo;est le centre de la C\u00f4te d\u2019Alb\u00e2tre de Saint Val\u00e9ry en Caux qui nous a accueillis pour permettre \u00e0 des r\u00e9sidents d&rsquo;\u00e9tablissements sp\u00e9cialis\u00e9s de partir en balade en motos, side-cars, Canam et autres quads .<\/strong><\/p>\n<p>Comme \u00e0 l&rsquo;accoutum\u00e9e, c&rsquo;est avec une certaine excitation que cette journ\u00e9e \u00e9tait attendue par la centaine de r\u00e9sidents des 13 \u00e9tablissements pr\u00e9sents.<\/p>\n<p><a href=\"http:\/\/ffmc76.fr\/wp-content\/uploads\/2019\/05\/IMG_20190427_175039.jpg\"><img loading=\"lazy\" decoding=\"async\" class=\"size-medium wp-image-7316 aligncenter\" src=\"https:\/\/ffmc76.fr\/wp-content\/uploads\/2019\/05\/IMG_20190427_175039-300x225.jpg\" alt=\"\" width=\"300\" height=\"225\" srcset=\"https:\/\/ffmc76.fr\/wp-content\/uploads\/2019\/05\/IMG_20190427_175039-300x225.jpg 300w, https:\/\/ffmc76.fr\/wp-content\/uploads\/2019\/05\/IMG_20190427_175039-768x576.jpg 768w, https:\/\/ffmc76.fr\/wp-content\/uploads\/2019\/05\/IMG_20190427_175039-1024x768.jpg 1024w, https:\/\/ffmc76.fr\/wp-content\/uploads\/2019\/05\/IMG_20190427_175039-600x450.jpg 600w, https:\/\/ffmc76.fr\/wp-content\/uploads\/2019\/05\/IMG_20190427_175039-700x525.jpg 700w\" sizes=\"auto, (max-width: 300px) 100vw, 300px\" \/><\/a>Premier constat: la participation en baisse au niveau des motos solos, certainement due \u00e0 une m\u00e9t\u00e9o peu engageante, a eu pour cons\u00e9quence de limiter le nombre de motos pour s\u00e9curiser les parcours.<\/p>\n<p><a href=\"http:\/\/ffmc76.fr\/wp-content\/uploads\/2019\/05\/IMG_20190427_175031.jpg\"><img loading=\"lazy\" decoding=\"async\" class=\"size-medium wp-image-7315 aligncenter\" src=\"https:\/\/ffmc76.fr\/wp-content\/uploads\/2019\/05\/IMG_20190427_175031-300x225.jpg\" alt=\"\" width=\"300\" height=\"225\" srcset=\"https:\/\/ffmc76.fr\/wp-content\/uploads\/2019\/05\/IMG_20190427_175031-300x225.jpg 300w, https:\/\/ffmc76.fr\/wp-content\/uploads\/2019\/05\/IMG_20190427_175031-768x576.jpg 768w, https:\/\/ffmc76.fr\/wp-content\/uploads\/2019\/05\/IMG_20190427_175031-1024x768.jpg 1024w, https:\/\/ffmc76.fr\/wp-content\/uploads\/2019\/05\/IMG_20190427_175031-600x450.jpg 600w, https:\/\/ffmc76.fr\/wp-content\/uploads\/2019\/05\/IMG_20190427_175031-700x525.jpg 700w\" sizes=\"auto, (max-width: 300px) 100vw, 300px\" \/><\/a>Toutefois, la m\u00e9t\u00e9o s&rsquo;est am\u00e9lior\u00e9e puisque le vent, tr\u00e8s pr\u00e9sent toute la journ\u00e9e, a chass\u00e9 les nuages et finalement il n&rsquo;a pas plu.<\/p>\n<p>Comme chaque ann\u00e9e, les sourires et la joie des r\u00e9sidents(es) ont combl\u00e9 les motards volontaires venus leur faire d\u00e9couvrir les plaisirs d&rsquo;une belle balade en 2RM sur les deux parcours de 50 kms qui leur ont \u00e9t\u00e9 propos\u00e9s.<\/p>\n<p>Apr\u00e8s une journ\u00e9e riche en sensations, c&rsquo;est le soir venu, comme dans les bandes dessin\u00e9es d&rsquo;Asterix le Gaulois, autour du traditionnel repas, que les participants et les b\u00e9n\u00e9voles se sont retrouv\u00e9s pour clore ce moment de partage et de f\u00eate.<\/p>\n<p style=\"text-align: center\"><strong>\u00ab\u00a0A l\u2019ann\u00e9e prochaine !\u00a0\u00bb<\/strong><\/p>\n<p style=\"text-align: left\">C&rsquo;est par cette traditionnelle exclamation que tous les acteurs de cette m\u00e9morable journ\u00e9e se quitt\u00e8rent avec des souvenirs plein la t\u00eate.<\/p>\n<p>&nbsp;<\/p>\n<p style=\"text-align: center\"><strong>Un grand MERCI \u00e0 tous les participants:<\/strong><\/p>\n<p style=\"text-align: center\">Aux personnes du centre de la C\u00f4te d\u2019Alb\u00e2tre pour leur accueil,<\/p>\n<p style=\"text-align: center\">aux personnes des autres centres<\/p>\n<p style=\"text-align: center\">aux r\u00e9sidents ,<\/p>\n<p style=\"text-align: center\">aux \u00e9ducateurs,<\/p>\n<p style=\"text-align: center\">aux b\u00e9n\u00e9voles,<\/p>\n<p style=\"text-align: center\">aux motards,<\/p>\n<p style=\"text-align: center\">\u00e0 l&rsquo;\u00e9quipe de la cuisine,<\/p>\n<p style=\"text-align: center\">&#8230;.. et aux b\u00e9n\u00e9voles du Jumbo pour leur participation et leur implication.<\/p>\n<p>&nbsp;<\/p>\n<p>L\u2019\u00c9QUIPE DU JUMBO .<\/p>\n<hr \/>\n<p><strong>Quelques chiffres :<\/strong><\/p>\n<ul>\n<li>13 centres pr\u00e9sents<\/li>\n<li>une 100aine de r\u00e9sidents particip\u00e8rent \u00e0 cette journ\u00e9e<\/li>\n<li>10 side-cars<\/li>\n<li>6 CANAM<\/li>\n<li>30 motos solo<\/li>\n<li>6 motards de l&rsquo;ANEC (association d&rsquo;escorte motocycliste qui assure aussi la s\u00e9curit\u00e9 sur nos manifs) que nous remercions particuli\u00e8rement.<\/li>\n<\/ul>\n<p><a href=\"http:\/\/ffmc76.fr\/wp-content\/uploads\/2019\/05\/jumbor10.png\"><img loading=\"lazy\" decoding=\"async\" class=\"size-medium wp-image-7317 aligncenter\" src=\"https:\/\/ffmc76.fr\/wp-content\/uploads\/2019\/05\/jumbor10-270x300.png\" alt=\"\" width=\"270\" height=\"300\" srcset=\"https:\/\/ffmc76.fr\/wp-content\/uploads\/2019\/05\/jumbor10-270x300.png 270w, https:\/\/ffmc76.fr\/wp-content\/uploads\/2019\/05\/jumbor10.png 311w\" sizes=\"auto, (max-width: 270px) 100vw, 270px\" \/><\/a><\/p>\n<p>&nbsp;<\/p>\n","protected":false},"excerpt":{"rendered":"<p>Cette ann\u00e9e, ce samedi 27 avril, c&rsquo;est le centre de la C\u00f4te d\u2019Alb\u00e2tre de Saint Val\u00e9ry en Caux qui nous a accueillis pour permettre \u00e0 des r\u00e9sidents d&rsquo;\u00e9tablissements sp\u00e9cialis\u00e9s de partir en balade en motos, side-cars, Canam et autres quads . Comme \u00e0 l&rsquo;accoutum\u00e9e, c&rsquo;est avec une certaine excitation que &#8230;<\/p>\n","protected":false},"author":4,"featured_media":7317,"comment_status":"open","ping_status":"open","sticky":false,"template":"","format":"standard","meta":{"inline_featured_image":false,"cybocfi_hide_featured_image":"","footnotes":""},"categories":[32],"tags":[],"class_list":["post-7313","post","type-post","status-publish","format-standard","has-post-thumbnail","hentry","category-ffmc-loisirs","column","twocol","has-thumbnail"],"yoast_head":"<!-- This site is optimized with the Yoast SEO plugin v27.3 - https:\/\/yoast.com\/product\/yoast-seo-wordpress\/ -->\n<title>JUMBO RUN 2019 - FFMC76<\/title>\n<meta name=\"robots\" content=\"index, follow, max-snippet:-1, max-image-preview:large, max-video-preview:-1\" \/>\n<link rel=\"canonical\" href=\"https:\/\/ffmc76.fr\/index.php\/2019\/05\/23\/jumbo-run-2019\/\" \/>\n<meta property=\"og:locale\" content=\"fr_FR\" \/>\n<meta property=\"og:type\" content=\"article\" \/>\n<meta property=\"og:title\" content=\"JUMBO RUN 2019 - FFMC76\" \/>\n<meta property=\"og:description\" content=\"Cette ann\u00e9e, ce samedi 27 avril, c&rsquo;est le centre de la C\u00f4te d\u2019Alb\u00e2tre de Saint Val\u00e9ry en Caux qui nous a accueillis &#8230;\" \/>\n<meta property=\"og:url\" content=\"https:\/\/ffmc76.fr\/index.php\/2019\/05\/23\/jumbo-run-2019\/\" \/>\n<meta property=\"og:site_name\" content=\"FFMC76\" \/>\n<meta property=\"article:publisher\" content=\"https:\/\/www.facebook.com\/FFMC76\" \/>\n<meta property=\"article:published_time\" content=\"2019-05-23T13:45:58+00:00\" \/>\n<meta property=\"article:modified_time\" content=\"2019-05-24T12:08:53+00:00\" \/>\n<meta property=\"og:image\" content=\"https:\/\/ffmc76.fr\/wp-content\/uploads\/2019\/05\/jumbor10.png\" \/>\n\t<meta property=\"og:image:width\" content=\"311\" \/>\n\t<meta property=\"og:image:height\" content=\"346\" \/>\n\t<meta property=\"og:image:type\" content=\"image\/png\" \/>\n<meta name=\"author\" content=\"Coord FFMC76\" \/>\n<meta name=\"twitter:card\" content=\"summary_large_image\" \/>\n<meta name=\"twitter:label1\" content=\"\u00c9crit par\" \/>\n\t<meta name=\"twitter:data1\" content=\"Coord FFMC76\" \/>\n\t<meta name=\"twitter:label2\" content=\"Dur\u00e9e de lecture estim\u00e9e\" \/>\n\t<meta name=\"twitter:data2\" content=\"2 minutes\" \/>\n<script type=\"application\/ld+json\" class=\"yoast-schema-graph\">{\"@context\":\"https:\\\/\\\/schema.org\",\"@graph\":[{\"@type\":\"Article\",\"@id\":\"https:\\\/\\\/ffmc76.fr\\\/index.php\\\/2019\\\/05\\\/23\\\/jumbo-run-2019\\\/#article\",\"isPartOf\":{\"@id\":\"https:\\\/\\\/ffmc76.fr\\\/index.php\\\/2019\\\/05\\\/23\\\/jumbo-run-2019\\\/\"},\"author\":{\"name\":\"Coord FFMC76\",\"@id\":\"https:\\\/\\\/ffmc76.fr\\\/#\\\/schema\\\/person\\\/2973ea11b6861379c05a6a45328d5450\"},\"headline\":\"JUMBO RUN 2019\",\"datePublished\":\"2019-05-23T13:45:58+00:00\",\"dateModified\":\"2019-05-24T12:08:53+00:00\",\"mainEntityOfPage\":{\"@id\":\"https:\\\/\\\/ffmc76.fr\\\/index.php\\\/2019\\\/05\\\/23\\\/jumbo-run-2019\\\/\"},\"wordCount\":368,\"commentCount\":0,\"publisher\":{\"@id\":\"https:\\\/\\\/ffmc76.fr\\\/#organization\"},\"image\":{\"@id\":\"https:\\\/\\\/ffmc76.fr\\\/index.php\\\/2019\\\/05\\\/23\\\/jumbo-run-2019\\\/#primaryimage\"},\"thumbnailUrl\":\"https:\\\/\\\/ffmc76.fr\\\/wp-content\\\/uploads\\\/2019\\\/05\\\/jumbor10.png\",\"articleSection\":[\"FFMC Loisirs\"],\"inLanguage\":\"fr-FR\",\"potentialAction\":[{\"@type\":\"CommentAction\",\"name\":\"Comment\",\"target\":[\"https:\\\/\\\/ffmc76.fr\\\/index.php\\\/2019\\\/05\\\/23\\\/jumbo-run-2019\\\/#respond\"]}]},{\"@type\":\"WebPage\",\"@id\":\"https:\\\/\\\/ffmc76.fr\\\/index.php\\\/2019\\\/05\\\/23\\\/jumbo-run-2019\\\/\",\"url\":\"https:\\\/\\\/ffmc76.fr\\\/index.php\\\/2019\\\/05\\\/23\\\/jumbo-run-2019\\\/\",\"name\":\"JUMBO RUN 2019 - FFMC76\",\"isPartOf\":{\"@id\":\"https:\\\/\\\/ffmc76.fr\\\/#website\"},\"primaryImageOfPage\":{\"@id\":\"https:\\\/\\\/ffmc76.fr\\\/index.php\\\/2019\\\/05\\\/23\\\/jumbo-run-2019\\\/#primaryimage\"},\"image\":{\"@id\":\"https:\\\/\\\/ffmc76.fr\\\/index.php\\\/2019\\\/05\\\/23\\\/jumbo-run-2019\\\/#primaryimage\"},\"thumbnailUrl\":\"https:\\\/\\\/ffmc76.fr\\\/wp-content\\\/uploads\\\/2019\\\/05\\\/jumbor10.png\",\"datePublished\":\"2019-05-23T13:45:58+00:00\",\"dateModified\":\"2019-05-24T12:08:53+00:00\",\"breadcrumb\":{\"@id\":\"https:\\\/\\\/ffmc76.fr\\\/index.php\\\/2019\\\/05\\\/23\\\/jumbo-run-2019\\\/#breadcrumb\"},\"inLanguage\":\"fr-FR\",\"potentialAction\":[{\"@type\":\"ReadAction\",\"target\":[\"https:\\\/\\\/ffmc76.fr\\\/index.php\\\/2019\\\/05\\\/23\\\/jumbo-run-2019\\\/\"]}]},{\"@type\":\"ImageObject\",\"inLanguage\":\"fr-FR\",\"@id\":\"https:\\\/\\\/ffmc76.fr\\\/index.php\\\/2019\\\/05\\\/23\\\/jumbo-run-2019\\\/#primaryimage\",\"url\":\"https:\\\/\\\/ffmc76.fr\\\/wp-content\\\/uploads\\\/2019\\\/05\\\/jumbor10.png\",\"contentUrl\":\"https:\\\/\\\/ffmc76.fr\\\/wp-content\\\/uploads\\\/2019\\\/05\\\/jumbor10.png\",\"width\":311,\"height\":346},{\"@type\":\"BreadcrumbList\",\"@id\":\"https:\\\/\\\/ffmc76.fr\\\/index.php\\\/2019\\\/05\\\/23\\\/jumbo-run-2019\\\/#breadcrumb\",\"itemListElement\":[{\"@type\":\"ListItem\",\"position\":1,\"name\":\"Accueil\",\"item\":\"https:\\\/\\\/ffmc76.fr\\\/\"},{\"@type\":\"ListItem\",\"position\":2,\"name\":\"JUMBO RUN 2019\"}]},{\"@type\":\"WebSite\",\"@id\":\"https:\\\/\\\/ffmc76.fr\\\/#website\",\"url\":\"https:\\\/\\\/ffmc76.fr\\\/\",\"name\":\"FFMC76\",\"description\":\"F\u00e9d\u00e9ration Fran\u00e7aise des Motards en Col\u00e8re, antenne de Seine-Maritime\",\"publisher\":{\"@id\":\"https:\\\/\\\/ffmc76.fr\\\/#organization\"},\"potentialAction\":[{\"@type\":\"SearchAction\",\"target\":{\"@type\":\"EntryPoint\",\"urlTemplate\":\"https:\\\/\\\/ffmc76.fr\\\/?s={search_term_string}\"},\"query-input\":{\"@type\":\"PropertyValueSpecification\",\"valueRequired\":true,\"valueName\":\"search_term_string\"}}],\"inLanguage\":\"fr-FR\"},{\"@type\":\"Organization\",\"@id\":\"https:\\\/\\\/ffmc76.fr\\\/#organization\",\"name\":\"FFMC76\",\"url\":\"https:\\\/\\\/ffmc76.fr\\\/\",\"logo\":{\"@type\":\"ImageObject\",\"inLanguage\":\"fr-FR\",\"@id\":\"https:\\\/\\\/ffmc76.fr\\\/#\\\/schema\\\/logo\\\/image\\\/\",\"url\":\"https:\\\/\\\/ffmc76.fr\\\/wp-content\\\/uploads\\\/2023\\\/01\\\/logo_boxeur-76.png\",\"contentUrl\":\"https:\\\/\\\/ffmc76.fr\\\/wp-content\\\/uploads\\\/2023\\\/01\\\/logo_boxeur-76.png\",\"width\":545,\"height\":712,\"caption\":\"FFMC76\"},\"image\":{\"@id\":\"https:\\\/\\\/ffmc76.fr\\\/#\\\/schema\\\/logo\\\/image\\\/\"},\"sameAs\":[\"https:\\\/\\\/www.facebook.com\\\/FFMC76\"]},{\"@type\":\"Person\",\"@id\":\"https:\\\/\\\/ffmc76.fr\\\/#\\\/schema\\\/person\\\/2973ea11b6861379c05a6a45328d5450\",\"name\":\"Coord FFMC76\",\"image\":{\"@type\":\"ImageObject\",\"inLanguage\":\"fr-FR\",\"@id\":\"https:\\\/\\\/secure.gravatar.com\\\/avatar\\\/0a85372150960d89abbff693f7d8bd13852c310fe3cb61d31c6787fcbe712188?s=96&d=mm&r=g\",\"url\":\"https:\\\/\\\/secure.gravatar.com\\\/avatar\\\/0a85372150960d89abbff693f7d8bd13852c310fe3cb61d31c6787fcbe712188?s=96&d=mm&r=g\",\"contentUrl\":\"https:\\\/\\\/secure.gravatar.com\\\/avatar\\\/0a85372150960d89abbff693f7d8bd13852c310fe3cb61d31c6787fcbe712188?s=96&d=mm&r=g\",\"caption\":\"Coord FFMC76\"},\"description\":\"Membre du bureau de la FFMC76 (Coordinateur)\",\"url\":\"https:\\\/\\\/ffmc76.fr\\\/index.php\\\/author\\\/gwen\\\/\"}]}<\/script>\n<!-- \/ Yoast SEO plugin. -->","yoast_head_json":{"title":"JUMBO RUN 2019 - FFMC76","robots":{"index":"index","follow":"follow","max-snippet":"max-snippet:-1","max-image-preview":"max-image-preview:large","max-video-preview":"max-video-preview:-1"},"canonical":"https:\/\/ffmc76.fr\/index.php\/2019\/05\/23\/jumbo-run-2019\/","og_locale":"fr_FR","og_type":"article","og_title":"JUMBO RUN 2019 - FFMC76","og_description":"Cette ann\u00e9e, ce samedi 27 avril, c&rsquo;est le centre de la C\u00f4te d\u2019Alb\u00e2tre de Saint Val\u00e9ry en Caux qui nous a accueillis &#8230;","og_url":"https:\/\/ffmc76.fr\/index.php\/2019\/05\/23\/jumbo-run-2019\/","og_site_name":"FFMC76","article_publisher":"https:\/\/www.facebook.com\/FFMC76","article_published_time":"2019-05-23T13:45:58+00:00","article_modified_time":"2019-05-24T12:08:53+00:00","og_image":[{"width":311,"height":346,"url":"https:\/\/ffmc76.fr\/wp-content\/uploads\/2019\/05\/jumbor10.png","type":"image\/png"}],"author":"Coord FFMC76","twitter_card":"summary_large_image","twitter_misc":{"\u00c9crit par":"Coord FFMC76","Dur\u00e9e de lecture estim\u00e9e":"2 minutes"},"schema":{"@context":"https:\/\/schema.org","@graph":[{"@type":"Article","@id":"https:\/\/ffmc76.fr\/index.php\/2019\/05\/23\/jumbo-run-2019\/#article","isPartOf":{"@id":"https:\/\/ffmc76.fr\/index.php\/2019\/05\/23\/jumbo-run-2019\/"},"author":{"name":"Coord FFMC76","@id":"https:\/\/ffmc76.fr\/#\/schema\/person\/2973ea11b6861379c05a6a45328d5450"},"headline":"JUMBO RUN 2019","datePublished":"2019-05-23T13:45:58+00:00","dateModified":"2019-05-24T12:08:53+00:00","mainEntityOfPage":{"@id":"https:\/\/ffmc76.fr\/index.php\/2019\/05\/23\/jumbo-run-2019\/"},"wordCount":368,"commentCount":0,"publisher":{"@id":"https:\/\/ffmc76.fr\/#organization"},"image":{"@id":"https:\/\/ffmc76.fr\/index.php\/2019\/05\/23\/jumbo-run-2019\/#primaryimage"},"thumbnailUrl":"https:\/\/ffmc76.fr\/wp-content\/uploads\/2019\/05\/jumbor10.png","articleSection":["FFMC Loisirs"],"inLanguage":"fr-FR","potentialAction":[{"@type":"CommentAction","name":"Comment","target":["https:\/\/ffmc76.fr\/index.php\/2019\/05\/23\/jumbo-run-2019\/#respond"]}]},{"@type":"WebPage","@id":"https:\/\/ffmc76.fr\/index.php\/2019\/05\/23\/jumbo-run-2019\/","url":"https:\/\/ffmc76.fr\/index.php\/2019\/05\/23\/jumbo-run-2019\/","name":"JUMBO RUN 2019 - FFMC76","isPartOf":{"@id":"https:\/\/ffmc76.fr\/#website"},"primaryImageOfPage":{"@id":"https:\/\/ffmc76.fr\/index.php\/2019\/05\/23\/jumbo-run-2019\/#primaryimage"},"image":{"@id":"https:\/\/ffmc76.fr\/index.php\/2019\/05\/23\/jumbo-run-2019\/#primaryimage"},"thumbnailUrl":"https:\/\/ffmc76.fr\/wp-content\/uploads\/2019\/05\/jumbor10.png","datePublished":"2019-05-23T13:45:58+00:00","dateModified":"2019-05-24T12:08:53+00:00","breadcrumb":{"@id":"https:\/\/ffmc76.fr\/index.php\/2019\/05\/23\/jumbo-run-2019\/#breadcrumb"},"inLanguage":"fr-FR","potentialAction":[{"@type":"ReadAction","target":["https:\/\/ffmc76.fr\/index.php\/2019\/05\/23\/jumbo-run-2019\/"]}]},{"@type":"ImageObject","inLanguage":"fr-FR","@id":"https:\/\/ffmc76.fr\/index.php\/2019\/05\/23\/jumbo-run-2019\/#primaryimage","url":"https:\/\/ffmc76.fr\/wp-content\/uploads\/2019\/05\/jumbor10.png","contentUrl":"https:\/\/ffmc76.fr\/wp-content\/uploads\/2019\/05\/jumbor10.png","width":311,"height":346},{"@type":"BreadcrumbList","@id":"https:\/\/ffmc76.fr\/index.php\/2019\/05\/23\/jumbo-run-2019\/#breadcrumb","itemListElement":[{"@type":"ListItem","position":1,"name":"Accueil","item":"https:\/\/ffmc76.fr\/"},{"@type":"ListItem","position":2,"name":"JUMBO RUN 2019"}]},{"@type":"WebSite","@id":"https:\/\/ffmc76.fr\/#website","url":"https:\/\/ffmc76.fr\/","name":"FFMC76","description":"F\u00e9d\u00e9ration Fran\u00e7aise des Motards en Col\u00e8re, antenne de Seine-Maritime","publisher":{"@id":"https:\/\/ffmc76.fr\/#organization"},"potentialAction":[{"@type":"SearchAction","target":{"@type":"EntryPoint","urlTemplate":"https:\/\/ffmc76.fr\/?s={search_term_string}"},"query-input":{"@type":"PropertyValueSpecification","valueRequired":true,"valueName":"search_term_string"}}],"inLanguage":"fr-FR"},{"@type":"Organization","@id":"https:\/\/ffmc76.fr\/#organization","name":"FFMC76","url":"https:\/\/ffmc76.fr\/","logo":{"@type":"ImageObject","inLanguage":"fr-FR","@id":"https:\/\/ffmc76.fr\/#\/schema\/logo\/image\/","url":"https:\/\/ffmc76.fr\/wp-content\/uploads\/2023\/01\/logo_boxeur-76.png","contentUrl":"https:\/\/ffmc76.fr\/wp-content\/uploads\/2023\/01\/logo_boxeur-76.png","width":545,"height":712,"caption":"FFMC76"},"image":{"@id":"https:\/\/ffmc76.fr\/#\/schema\/logo\/image\/"},"sameAs":["https:\/\/www.facebook.com\/FFMC76"]},{"@type":"Person","@id":"https:\/\/ffmc76.fr\/#\/schema\/person\/2973ea11b6861379c05a6a45328d5450","name":"Coord FFMC76","image":{"@type":"ImageObject","inLanguage":"fr-FR","@id":"https:\/\/secure.gravatar.com\/avatar\/0a85372150960d89abbff693f7d8bd13852c310fe3cb61d31c6787fcbe712188?s=96&d=mm&r=g","url":"https:\/\/secure.gravatar.com\/avatar\/0a85372150960d89abbff693f7d8bd13852c310fe3cb61d31c6787fcbe712188?s=96&d=mm&r=g","contentUrl":"https:\/\/secure.gravatar.com\/avatar\/0a85372150960d89abbff693f7d8bd13852c310fe3cb61d31c6787fcbe712188?s=96&d=mm&r=g","caption":"Coord FFMC76"},"description":"Membre du bureau de la FFMC76 (Coordinateur)","url":"https:\/\/ffmc76.fr\/index.php\/author\/gwen\/"}]}},"_links":{"self":[{"href":"https:\/\/ffmc76.fr\/index.php\/wp-json\/wp\/v2\/posts\/7313","targetHints":{"allow":["GET"]}}],"collection":[{"href":"https:\/\/ffmc76.fr\/index.php\/wp-json\/wp\/v2\/posts"}],"about":[{"href":"https:\/\/ffmc76.fr\/index.php\/wp-json\/wp\/v2\/types\/post"}],"author":[{"embeddable":true,"href":"https:\/\/ffmc76.fr\/index.php\/wp-json\/wp\/v2\/users\/4"}],"replies":[{"embeddable":true,"href":"https:\/\/ffmc76.fr\/index.php\/wp-json\/wp\/v2\/comments?post=7313"}],"version-history":[{"count":7,"href":"https:\/\/ffmc76.fr\/index.php\/wp-json\/wp\/v2\/posts\/7313\/revisions"}],"predecessor-version":[{"id":7324,"href":"https:\/\/ffmc76.fr\/index.php\/wp-json\/wp\/v2\/posts\/7313\/revisions\/7324"}],"wp:featuredmedia":[{"embeddable":true,"href":"https:\/\/ffmc76.fr\/index.php\/wp-json\/wp\/v2\/media\/7317"}],"wp:attachment":[{"href":"https:\/\/ffmc76.fr\/index.php\/wp-json\/wp\/v2\/media?parent=7313"}],"wp:term":[{"taxonomy":"category","embeddable":true,"href":"https:\/\/ffmc76.fr\/index.php\/wp-json\/wp\/v2\/categories?post=7313"},{"taxonomy":"post_tag","embeddable":true,"href":"https:\/\/ffmc76.fr\/index.php\/wp-json\/wp\/v2\/tags?post=7313"}],"curies":[{"name":"wp","href":"https:\/\/api.w.org\/{rel}","templated":true}]}}