{"id":8077,"date":"2021-03-02T11:26:37","date_gmt":"2021-03-02T10:26:37","guid":{"rendered":"http:\/\/ffmc76.fr\/?p=8077"},"modified":"2021-03-10T09:11:17","modified_gmt":"2021-03-10T08:11:17","slug":"carte-grise","status":"publish","type":"post","link":"https:\/\/ffmc76.fr\/index.php\/2021\/03\/02\/carte-grise\/","title":{"rendered":"CARTE GRISE"},"content":{"rendered":"\n<p>l&rsquo; incompr\u00e9hensible<\/p>\n\n\n\n<figure class=\"wp-block-image size-large is-resized\"><img loading=\"lazy\" decoding=\"async\" src=\"https:\/\/ffmc76.fr\/wp-content\/uploads\/2021\/03\/immage-cg-1-1024x724.jpg\" alt=\"\" class=\"wp-image-8078\" width=\"586\" height=\"414\" \/><\/figure>\n\n\n\n<figure class=\"wp-block-image size-large\"><img decoding=\"async\" src=\"https:\/\/ffmc76.fr\/wp-content\/uploads\/2021\/03\/en-t\u00e9te-ffmc.jpg\" alt=\"\" class=\"wp-image-8080\" \/><\/figure>\n\n\n\n<p><strong>Comme vous le savez, pour\nchaque v\u00e9hicule achet\u00e9, il faut faire ou refaire une carte grise ,et l\u00e0, le b\u00e2t\nblesse!<\/strong><\/p>\n\n\n\n<p><strong>Pour\nles v\u00e9hicules de plus de 10 ans, il va falloir d\u00e9bourser le double voire, le\ntriple&nbsp;!<\/strong><\/p>\n\n\n\n<p><strong>Voici\nquelques exemples&nbsp;:<\/strong><\/p>\n\n\n\n<figure class=\"wp-block-table is-style-stripes\"><table class=\"has-subtle-pale-blue-background-color has-fixed-layout has-background\"><thead><tr><th><\/th><th><\/th><th><\/th><th><\/th><th><\/th><th><\/th><\/tr><\/thead><tbody><tr><td>\n  Mod\u00e8le\n  <\/td><td>\n  Puissance\n  <\/td><td>\n  Ann\u00e9e\n  mod\u00e8le\n  1\u00e8re\n  mise en circulation\n  <\/td><td>\n  Carte\n  grise Ann\u00e9e\n  <\/td><td>\n  Prix\n  avant\n  2021\n  <\/td><td>\n  Prix\n  ann\u00e9e 2021\n  <\/td><\/tr><tr><td>\n  Honda 350 CB\n  <\/td><td>\n  &nbsp;&nbsp;&nbsp;&nbsp;&nbsp; 4 CV&nbsp;&nbsp;&nbsp;&nbsp;&nbsp; \n  <\/td><td>\n  01\/05\/74\n  <\/td><td>\n  1974\n  <\/td><td>\n  156\n  frs&nbsp;&nbsp; <em>23.78euros<\/em>\n  <\/td><td>\n  83.76\n  euros&nbsp; 60&nbsp; Euros en +\n  <\/td><\/tr><tr><td>\n  Honda\n  650 NTV\n  <\/td><td>\n  &nbsp;&nbsp;&nbsp;&nbsp;&nbsp; 7CV\n  <\/td><td>\n  1O\/94\n  <\/td><td>\n  07\/04\/21\n  <\/td><td>\n  88\n  euros\n  <\/td><td>\n  136,76euros\n  sois\n  48&nbsp;.76\n  euros en +\n  <\/td><\/tr><tr><td>\n  76Honda\n  1800 GOLD\n  <\/td><td>\n  &nbsp;&nbsp;&nbsp;&nbsp;&nbsp; 16 CV\n  <\/td><td>\n  12\/09\/21\n  <\/td><td>\n  01\/12\/19\n  <\/td><td>\n  0\n  euros\n  <\/td><td>\n  293.76\n  Euros\n  <\/td><\/tr><tr><td>\n  &nbsp;\n  <\/td><td>\n  &nbsp;\n  <\/td><td>\n  &nbsp;\n  <\/td><td>\n  &nbsp;\n  <\/td><td>\n  &nbsp;\n  <\/td><td>\n  &nbsp;\n  <\/td><\/tr><tr><td>\n  1150\n  GSA\n  <\/td><td>\n  &nbsp;&nbsp;&nbsp; 11 CV\n  <\/td><td>\n  19\/07\/02\n  <\/td><td>\n  &nbsp;\n  <\/td><td>\n  131.00\n  <\/td><td>\n  206.76\n  EUROS\n  &nbsp;\n  <\/td><\/tr><tr><td>\n  500\n  XT\n  <\/td><td>\n  &nbsp;&nbsp;&nbsp;&nbsp; 5&nbsp;\n  CV\n  <\/td><td>\n  27\/11\/78\n  <\/td><td>\n  16\/05\/06\n  <\/td><td>\n  &nbsp;38 euros\n  <\/td><td>\n  101.76\n  Euros\n  &nbsp;\n  <\/td><\/tr><tr><td>\n  500\n  XLS\n  <\/td><td>\n  &nbsp;&nbsp;&nbsp;&nbsp; 5 CV\n  <\/td><td>\n  04\/08\/81\n  <\/td><td>\n  09\/08\/12\n  <\/td><td>\n  50.50\n  euros\n  <\/td><td>\n  101.76\n  Euros\n  &nbsp;\n  <\/td><\/tr><tr><td>\n  650\n  XRL\n  <\/td><td>\n  &nbsp;&nbsp;&nbsp;&nbsp; 7 CV\n  <\/td><td>\n  28\/05\/91\n  <\/td><td>\n  05\/02\/14\n  <\/td><td>\n  67.50\n  euros\n  <\/td><td>\n  136.76\n  Euros\n  &nbsp;\n  <\/td><\/tr><tr><td>\n  500\n  SR\n  <\/td><td>\n  &nbsp;&nbsp;&nbsp;&nbsp; 5 CV\n  <\/td><td>\n  11\/04\/91\n  <\/td><td>\n  05\/03\/09\n  <\/td><td>\n  47.00\n  euros\n  <\/td><td>\n  101.76\n  Euros\n  &nbsp;\n  <\/td><\/tr><tr><td>\n  125\n  B\u00e9ta\n  <\/td><td>\n  &nbsp;&nbsp;&nbsp;&nbsp; 1 CV\n  <\/td><td>\n  25\/04\/07\n  <\/td><td>\n  11\/04\/13\n  <\/td><td>\n  24.50\n  euros\n  <\/td><td>\n  31.76\n  Euros\n  &nbsp;\n  <\/td><\/tr><tr><td>\n  600\n  XLV\n  <\/td><td>\n  &nbsp;&nbsp;&nbsp;&nbsp; 6 CV\n  <\/td><td>\n  05\/05\/89\n  <\/td><td>\n  28\/12\/18\n  <\/td><td>\n  59.76\n  euros\n  <\/td><td>\n  118.76\n  Euros\n  &nbsp;\n  <\/td><\/tr><\/tbody><\/table><\/figure>\n\n\n\n<p>C\u2019est une histoire rocambolesque&nbsp;: le tarif du certificat\nd\u2019immatriculation moto (cat\u00e9gories L3e et L4e), voit sa partie \u00ab\u00a0taxe\nr\u00e9gionale\u00a0\u00bb (le tarif d\u2019un certificat d\u2019immatriculation comporte 4 taxes\nadditionn\u00e9es) r\u00e9duit de moiti\u00e9 pour la m\u00eame puissance fiscale qu\u2019une voiture,\nce qui est logique au vu de la moindre empreinte globale d\u2019un deux-roues\nmotoris\u00e9. Ensuite, s\u2019appliquait pour tout le monde <em>une r\u00e9duction de 50% pour\nun v\u00e9hicule de plus de 10 ans, r\u00e9duction qui se cumulait jusqu\u2019\u00e0 fin 2020. Mais\ncette logique disparait d\u00e9sormais si la moto a plus de 10 ans, puisque dans ce\ncas, l\u2019ANTS tarifie alors le certificat au m\u00eame tarif que les voitures, selon\nune \u00ab\u00a0logique\u00a0\u00bb qui nous \u00e9chappe totalement&nbsp;!<\/em><\/p>\n\n\n\n<p><strong>Les services de l\u2019\u00e9tat se contredisent&nbsp;!<\/strong><br>\nSi vous allez sur le site&nbsp;<a href=\"https:\/\/www.service-public.fr\/simulateur\/calcul\/cout-certificat-immatriculation\">service public<\/a>, la simulation tient compte\ndes deux r\u00e9ductions de 50% cumul\u00e9es pour une moto de plus de 10 ans&nbsp;! Mais\nquand vient le moment de payer, l\u2019ANTS ne tient compte que d\u2019une des deux\nr\u00e9ductions, comme le montrent les deux fichiers pdf (voir les documents joints\nen fin d\u2019article) que nous a adress\u00e9 un motard plus que surpris de ce\ntarif&nbsp;: l\u2019un, sa simulation, l\u2019autre le tarif demand\u00e9 par l\u2019ANTS&nbsp;! Nous\navons \u00e9galement fait trois simulations (voir les captures d\u2019\u00e9cran dans la\ngalerie en fin d\u2019article)&nbsp;: une pour voiture de moins de 10 ans, une pour\nmoto de moins de 10 ans, et une pour moto de plus de 10 ans. Devinez\nquoi&nbsp;? Les deux remises de 50% se cumulent l\u00e0 aussi&#8230;<\/p>\n\n\n\n<p>En r\u00e9alit\u00e9, les services du minist\u00e8re de l\u2019Int\u00e9rieur (qui ne\nsavaient pas nous r\u00e9pondre&nbsp;!) nous ont renvoy\u00e9 vers les services du\nminist\u00e8re des Finances, car c\u2019est dans la loi finances qu\u2019est contenue cette\nmodification, et voici la r\u00e9alit\u00e9 des diff\u00e9rences entre le tarif 2020 et le\ntarif 2021 telles que ledit minist\u00e8re les a transmises et comment\u00e9es (en\nitaliques)&nbsp;:<\/p>\n\n\n\n<p>En effet, le B de l\u2019article 1012 bis du code g\u00e9n\u00e9ral des imp\u00f4ts,\napplicable depuis le 1er janvier 2021, indique bien que&nbsp;:<br>\n\u00ab\u00a0Le tarif r\u00e9gional est r\u00e9duit de moiti\u00e9&nbsp;:<br>\n1\u00b0 Pour les tracteurs routiers de la cat\u00e9gorie N1&nbsp;;<br>\n2\u00b0 Pour les v\u00e9hicules des cat\u00e9gories M2, M3, N2 et N3&nbsp;;<br>\n3\u00b0 Pour les v\u00e9hicules des cat\u00e9gories L3e et L4e&nbsp;;<br>\n4\u00b0 Pour les v\u00e9hicules pour lesquels la premi\u00e8re immatriculation est ant\u00e9rieure\nde dix ann\u00e9es ou plus&nbsp;;<br>\n5\u00b0 Sur d\u00e9lib\u00e9ration dans les conditions pr\u00e9vues au dernier alin\u00e9a du A du\npr\u00e9sent II, lorsque l\u2019exon\u00e9ration pr\u00e9vue au 8\u00b0 du III n\u2019est pas appliqu\u00e9e, pour\nles v\u00e9hicules mentionn\u00e9s au m\u00eame 8\u00b0.\u00a0\u00bb<br>\n<strong><em>=&gt;\nCes conditions ne sont pas cumulatives. Par exemple, un L3e de plus de 10 ans\nne se verra appliquer qu\u2019une fois la r\u00e9duction de 1\/2.<\/em><\/strong><strong><\/strong><\/p>\n\n\n\n<p>Et effectivement, cela change de l\u2019ancienne r\u00e9daction de\nl\u2019article 1599 sexcedies sur la taxe r\u00e9gionale qui pr\u00e9voyait que&nbsp;:<br>\n\u00ab\u00a02. Le taux unitaire pr\u00e9vu au 1 est r\u00e9duit de moiti\u00e9 en ce qui\nconcerne&nbsp;:<br>\n1\u00b0 Les v\u00e9hicules utilitaires d\u2019un poids total autoris\u00e9 en charge sup\u00e9rieur \u00e0\n3,5 tonnes&nbsp;;<br>\n2\u00b0 Les tracteurs non agricoles&nbsp;;<br>\n3\u00b0 Les motocyclettes.<br>\n3. Les taux unitaires pr\u00e9vus aux 1 et 2 sont r\u00e9duits de moiti\u00e9 pour les\nv\u00e9hicules ayant plus de dix ans d\u2019\u00e2ge (1).<br>\n4. Pour les remorques, les v\u00e9hicules agricoles et les v\u00e9hicules immatricul\u00e9s\ndans la s\u00e9rie sp\u00e9ciale dite TT, il est per\u00e7u une taxe fixe dont le montant est\n\u00e9gal \u00e0 une fois et demie le taux unitaire vis\u00e9 au 1.\u00a0\u00bb<br>\n<em>=&gt;\nEffectivement, avant le 1er janvier 2021, une motocyclette de plus de 10 ans se\nvoyait appliquer deux fois le 1\/2 tarif soit un tarif \u00e0 1\/4 (3\u00b0 du 2. et 3.).<\/em><\/p>\n\n\n\n<p>Le cumul de ces deux r\u00e9ductions de 50% resterait parfaitement logique,\ncar si on consid\u00e8re qu\u2019une moto d\u2019\u00e2ge \u00e9quivalent \u00e0 celui d\u2019une voiture paye\nmoiti\u00e9 de la taxe r\u00e9gionale, cette m\u00eame logique vaut aussi pour une moto de\nplus de 10 ans compar\u00e9e \u00e0 une voiture de plus de 10 ans&nbsp;!<\/p>\n\n\n\n<p>Surtout, ce qui est particuli\u00e8rement aga\u00e7ant, c\u2019est que ce genre\nde pratique, dans le priv\u00e9, vaudrait imm\u00e9diatement une correction par notre\nr\u00e9pression des fraudes&nbsp;! Publicit\u00e9 mensong\u00e8re, tarif pratiqu\u00e9 sup\u00e9rieur au\ntarif annonc\u00e9,.. Mais quand c\u2019est l\u2019administration, c\u2019est un autre son de cloche\ndont, trop souvent, seul le citoyen sort perdant.<\/p>\n\n\n\n<p>DOCUMENTS JOINTS<\/p>\n\n\n\n<ul class=\"wp-block-list\"><li><a href=\"https:\/\/ffmc.asso.fr\/IMG\/pdf\/simulateur_du_cout_du_certificat.pdf\">simulateur_du_cout_du_certificat.pdf<\/a><\/li><\/ul>\n\n\n\n<p>19 janvier&nbsp;&nbsp;PDF&nbsp;112.7&nbsp;ko<\/p>\n\n\n\n<p><a href=\"https:\/\/ffmc.asso.fr\/IMG\/pdf\/tarif_demande_par_ants-anonyme.pdf\">tarif_demande_par_ants-anonyme.pdf<\/a><\/p>\n\n\n\n<p><\/p>\n\n\n\n<figure class=\"wp-block-image size-large is-resized\"><img loading=\"lazy\" decoding=\"async\" src=\"https:\/\/ffmc76.fr\/wp-content\/uploads\/2021\/03\/image-nombreuxfort.jpg\" alt=\"\" class=\"wp-image-8081\" width=\"589\" height=\"291\" \/><\/figure>\n","protected":false},"excerpt":{"rendered":"<p>l&rsquo; incompr\u00e9hensible Comme vous le savez, pour chaque v\u00e9hicule achet\u00e9, il faut faire ou refaire une carte grise ,et l\u00e0, le b\u00e2t blesse! Pour les v\u00e9hicules de plus de 10 ans, il va falloir d\u00e9bourser le double voire, le triple&nbsp;! Voici quelques exemples&nbsp;: Mod\u00e8le Puissance Ann\u00e9e mod\u00e8le 1\u00e8re mise en &#8230;<\/p>\n","protected":false},"author":16,"featured_media":0,"comment_status":"open","ping_status":"open","sticky":false,"template":"","format":"standard","meta":{"inline_featured_image":false,"cybocfi_hide_featured_image":"","footnotes":""},"categories":[67],"tags":[],"class_list":["post-8077","post","type-post","status-publish","format-standard","hentry","category-defense-de-la-moto","column","twocol"],"yoast_head":"<!-- This site is optimized with the Yoast SEO plugin v27.3 - https:\/\/yoast.com\/product\/yoast-seo-wordpress\/ -->\n<title>CARTE GRISE - FFMC76<\/title>\n<meta name=\"robots\" content=\"index, follow, max-snippet:-1, max-image-preview:large, max-video-preview:-1\" \/>\n<link rel=\"canonical\" href=\"https:\/\/ffmc76.fr\/index.php\/2021\/03\/02\/carte-grise\/\" \/>\n<meta property=\"og:locale\" content=\"fr_FR\" \/>\n<meta property=\"og:type\" content=\"article\" \/>\n<meta property=\"og:title\" content=\"CARTE GRISE - FFMC76\" \/>\n<meta property=\"og:description\" content=\"l&rsquo; incompr\u00e9hensible Comme vous le savez, pour chaque v\u00e9hicule achet\u00e9, il faut faire ou refaire une carte grise ,et l\u00e0, le b\u00e2t &#8230;\" \/>\n<meta property=\"og:url\" content=\"https:\/\/ffmc76.fr\/index.php\/2021\/03\/02\/carte-grise\/\" \/>\n<meta property=\"og:site_name\" content=\"FFMC76\" \/>\n<meta property=\"article:publisher\" content=\"https:\/\/www.facebook.com\/FFMC76\" \/>\n<meta property=\"article:published_time\" content=\"2021-03-02T10:26:37+00:00\" \/>\n<meta property=\"article:modified_time\" content=\"2021-03-10T08:11:17+00:00\" \/>\n<meta property=\"og:image\" content=\"http:\/\/ffmc76.fr\/wp-content\/uploads\/2021\/03\/immage-cg-1-1024x724.jpg\" \/>\n<meta name=\"author\" content=\"hugues\" \/>\n<meta name=\"twitter:card\" content=\"summary_large_image\" \/>\n<meta name=\"twitter:label1\" content=\"\u00c9crit par\" \/>\n\t<meta name=\"twitter:data1\" content=\"hugues\" \/>\n\t<meta name=\"twitter:label2\" content=\"Dur\u00e9e de lecture estim\u00e9e\" \/>\n\t<meta name=\"twitter:data2\" content=\"5 minutes\" \/>\n<script type=\"application\/ld+json\" class=\"yoast-schema-graph\">{\"@context\":\"https:\\\/\\\/schema.org\",\"@graph\":[{\"@type\":\"Article\",\"@id\":\"https:\\\/\\\/ffmc76.fr\\\/index.php\\\/2021\\\/03\\\/02\\\/carte-grise\\\/#article\",\"isPartOf\":{\"@id\":\"https:\\\/\\\/ffmc76.fr\\\/index.php\\\/2021\\\/03\\\/02\\\/carte-grise\\\/\"},\"author\":{\"name\":\"hugues\",\"@id\":\"https:\\\/\\\/ffmc76.fr\\\/#\\\/schema\\\/person\\\/f18fa98048075b96dbcf66f412d20c21\"},\"headline\":\"CARTE GRISE\",\"datePublished\":\"2021-03-02T10:26:37+00:00\",\"dateModified\":\"2021-03-10T08:11:17+00:00\",\"mainEntityOfPage\":{\"@id\":\"https:\\\/\\\/ffmc76.fr\\\/index.php\\\/2021\\\/03\\\/02\\\/carte-grise\\\/\"},\"wordCount\":983,\"commentCount\":0,\"publisher\":{\"@id\":\"https:\\\/\\\/ffmc76.fr\\\/#organization\"},\"image\":{\"@id\":\"https:\\\/\\\/ffmc76.fr\\\/index.php\\\/2021\\\/03\\\/02\\\/carte-grise\\\/#primaryimage\"},\"thumbnailUrl\":\"http:\\\/\\\/ffmc76.fr\\\/wp-content\\\/uploads\\\/2021\\\/03\\\/immage-cg-1-1024x724.jpg\",\"articleSection\":[\"D\u00e9fense de la moto\"],\"inLanguage\":\"fr-FR\",\"potentialAction\":[{\"@type\":\"CommentAction\",\"name\":\"Comment\",\"target\":[\"https:\\\/\\\/ffmc76.fr\\\/index.php\\\/2021\\\/03\\\/02\\\/carte-grise\\\/#respond\"]}]},{\"@type\":\"WebPage\",\"@id\":\"https:\\\/\\\/ffmc76.fr\\\/index.php\\\/2021\\\/03\\\/02\\\/carte-grise\\\/\",\"url\":\"https:\\\/\\\/ffmc76.fr\\\/index.php\\\/2021\\\/03\\\/02\\\/carte-grise\\\/\",\"name\":\"CARTE GRISE - FFMC76\",\"isPartOf\":{\"@id\":\"https:\\\/\\\/ffmc76.fr\\\/#website\"},\"primaryImageOfPage\":{\"@id\":\"https:\\\/\\\/ffmc76.fr\\\/index.php\\\/2021\\\/03\\\/02\\\/carte-grise\\\/#primaryimage\"},\"image\":{\"@id\":\"https:\\\/\\\/ffmc76.fr\\\/index.php\\\/2021\\\/03\\\/02\\\/carte-grise\\\/#primaryimage\"},\"thumbnailUrl\":\"http:\\\/\\\/ffmc76.fr\\\/wp-content\\\/uploads\\\/2021\\\/03\\\/immage-cg-1-1024x724.jpg\",\"datePublished\":\"2021-03-02T10:26:37+00:00\",\"dateModified\":\"2021-03-10T08:11:17+00:00\",\"breadcrumb\":{\"@id\":\"https:\\\/\\\/ffmc76.fr\\\/index.php\\\/2021\\\/03\\\/02\\\/carte-grise\\\/#breadcrumb\"},\"inLanguage\":\"fr-FR\",\"potentialAction\":[{\"@type\":\"ReadAction\",\"target\":[\"https:\\\/\\\/ffmc76.fr\\\/index.php\\\/2021\\\/03\\\/02\\\/carte-grise\\\/\"]}]},{\"@type\":\"ImageObject\",\"inLanguage\":\"fr-FR\",\"@id\":\"https:\\\/\\\/ffmc76.fr\\\/index.php\\\/2021\\\/03\\\/02\\\/carte-grise\\\/#primaryimage\",\"url\":\"http:\\\/\\\/ffmc76.fr\\\/wp-content\\\/uploads\\\/2021\\\/03\\\/immage-cg-1-1024x724.jpg\",\"contentUrl\":\"http:\\\/\\\/ffmc76.fr\\\/wp-content\\\/uploads\\\/2021\\\/03\\\/immage-cg-1-1024x724.jpg\"},{\"@type\":\"BreadcrumbList\",\"@id\":\"https:\\\/\\\/ffmc76.fr\\\/index.php\\\/2021\\\/03\\\/02\\\/carte-grise\\\/#breadcrumb\",\"itemListElement\":[{\"@type\":\"ListItem\",\"position\":1,\"name\":\"Accueil\",\"item\":\"https:\\\/\\\/ffmc76.fr\\\/\"},{\"@type\":\"ListItem\",\"position\":2,\"name\":\"CARTE GRISE\"}]},{\"@type\":\"WebSite\",\"@id\":\"https:\\\/\\\/ffmc76.fr\\\/#website\",\"url\":\"https:\\\/\\\/ffmc76.fr\\\/\",\"name\":\"FFMC76\",\"description\":\"F\u00e9d\u00e9ration Fran\u00e7aise des Motards en Col\u00e8re, antenne de Seine-Maritime\",\"publisher\":{\"@id\":\"https:\\\/\\\/ffmc76.fr\\\/#organization\"},\"potentialAction\":[{\"@type\":\"SearchAction\",\"target\":{\"@type\":\"EntryPoint\",\"urlTemplate\":\"https:\\\/\\\/ffmc76.fr\\\/?s={search_term_string}\"},\"query-input\":{\"@type\":\"PropertyValueSpecification\",\"valueRequired\":true,\"valueName\":\"search_term_string\"}}],\"inLanguage\":\"fr-FR\"},{\"@type\":\"Organization\",\"@id\":\"https:\\\/\\\/ffmc76.fr\\\/#organization\",\"name\":\"FFMC76\",\"url\":\"https:\\\/\\\/ffmc76.fr\\\/\",\"logo\":{\"@type\":\"ImageObject\",\"inLanguage\":\"fr-FR\",\"@id\":\"https:\\\/\\\/ffmc76.fr\\\/#\\\/schema\\\/logo\\\/image\\\/\",\"url\":\"https:\\\/\\\/ffmc76.fr\\\/wp-content\\\/uploads\\\/2023\\\/01\\\/logo_boxeur-76.png\",\"contentUrl\":\"https:\\\/\\\/ffmc76.fr\\\/wp-content\\\/uploads\\\/2023\\\/01\\\/logo_boxeur-76.png\",\"width\":545,\"height\":712,\"caption\":\"FFMC76\"},\"image\":{\"@id\":\"https:\\\/\\\/ffmc76.fr\\\/#\\\/schema\\\/logo\\\/image\\\/\"},\"sameAs\":[\"https:\\\/\\\/www.facebook.com\\\/FFMC76\"]},{\"@type\":\"Person\",\"@id\":\"https:\\\/\\\/ffmc76.fr\\\/#\\\/schema\\\/person\\\/f18fa98048075b96dbcf66f412d20c21\",\"name\":\"hugues\",\"image\":{\"@type\":\"ImageObject\",\"inLanguage\":\"fr-FR\",\"@id\":\"https:\\\/\\\/secure.gravatar.com\\\/avatar\\\/2adefe22e49ae1a2d7510e881fc65e6ef28d9f4e0d9aeece50238765d79a38a3?s=96&d=mm&r=g\",\"url\":\"https:\\\/\\\/secure.gravatar.com\\\/avatar\\\/2adefe22e49ae1a2d7510e881fc65e6ef28d9f4e0d9aeece50238765d79a38a3?s=96&d=mm&r=g\",\"contentUrl\":\"https:\\\/\\\/secure.gravatar.com\\\/avatar\\\/2adefe22e49ae1a2d7510e881fc65e6ef28d9f4e0d9aeece50238765d79a38a3?s=96&d=mm&r=g\",\"caption\":\"hugues\"},\"url\":\"https:\\\/\\\/ffmc76.fr\\\/index.php\\\/author\\\/hugues\\\/\"}]}<\/script>\n<!-- \/ Yoast SEO plugin. -->","yoast_head_json":{"title":"CARTE GRISE - FFMC76","robots":{"index":"index","follow":"follow","max-snippet":"max-snippet:-1","max-image-preview":"max-image-preview:large","max-video-preview":"max-video-preview:-1"},"canonical":"https:\/\/ffmc76.fr\/index.php\/2021\/03\/02\/carte-grise\/","og_locale":"fr_FR","og_type":"article","og_title":"CARTE GRISE - FFMC76","og_description":"l&rsquo; incompr\u00e9hensible Comme vous le savez, pour chaque v\u00e9hicule achet\u00e9, il faut faire ou refaire une carte grise ,et l\u00e0, le b\u00e2t &#8230;","og_url":"https:\/\/ffmc76.fr\/index.php\/2021\/03\/02\/carte-grise\/","og_site_name":"FFMC76","article_publisher":"https:\/\/www.facebook.com\/FFMC76","article_published_time":"2021-03-02T10:26:37+00:00","article_modified_time":"2021-03-10T08:11:17+00:00","og_image":[{"url":"http:\/\/ffmc76.fr\/wp-content\/uploads\/2021\/03\/immage-cg-1-1024x724.jpg","type":"","width":"","height":""}],"author":"hugues","twitter_card":"summary_large_image","twitter_misc":{"\u00c9crit par":"hugues","Dur\u00e9e de lecture estim\u00e9e":"5 minutes"},"schema":{"@context":"https:\/\/schema.org","@graph":[{"@type":"Article","@id":"https:\/\/ffmc76.fr\/index.php\/2021\/03\/02\/carte-grise\/#article","isPartOf":{"@id":"https:\/\/ffmc76.fr\/index.php\/2021\/03\/02\/carte-grise\/"},"author":{"name":"hugues","@id":"https:\/\/ffmc76.fr\/#\/schema\/person\/f18fa98048075b96dbcf66f412d20c21"},"headline":"CARTE GRISE","datePublished":"2021-03-02T10:26:37+00:00","dateModified":"2021-03-10T08:11:17+00:00","mainEntityOfPage":{"@id":"https:\/\/ffmc76.fr\/index.php\/2021\/03\/02\/carte-grise\/"},"wordCount":983,"commentCount":0,"publisher":{"@id":"https:\/\/ffmc76.fr\/#organization"},"image":{"@id":"https:\/\/ffmc76.fr\/index.php\/2021\/03\/02\/carte-grise\/#primaryimage"},"thumbnailUrl":"http:\/\/ffmc76.fr\/wp-content\/uploads\/2021\/03\/immage-cg-1-1024x724.jpg","articleSection":["D\u00e9fense de la moto"],"inLanguage":"fr-FR","potentialAction":[{"@type":"CommentAction","name":"Comment","target":["https:\/\/ffmc76.fr\/index.php\/2021\/03\/02\/carte-grise\/#respond"]}]},{"@type":"WebPage","@id":"https:\/\/ffmc76.fr\/index.php\/2021\/03\/02\/carte-grise\/","url":"https:\/\/ffmc76.fr\/index.php\/2021\/03\/02\/carte-grise\/","name":"CARTE GRISE - FFMC76","isPartOf":{"@id":"https:\/\/ffmc76.fr\/#website"},"primaryImageOfPage":{"@id":"https:\/\/ffmc76.fr\/index.php\/2021\/03\/02\/carte-grise\/#primaryimage"},"image":{"@id":"https:\/\/ffmc76.fr\/index.php\/2021\/03\/02\/carte-grise\/#primaryimage"},"thumbnailUrl":"http:\/\/ffmc76.fr\/wp-content\/uploads\/2021\/03\/immage-cg-1-1024x724.jpg","datePublished":"2021-03-02T10:26:37+00:00","dateModified":"2021-03-10T08:11:17+00:00","breadcrumb":{"@id":"https:\/\/ffmc76.fr\/index.php\/2021\/03\/02\/carte-grise\/#breadcrumb"},"inLanguage":"fr-FR","potentialAction":[{"@type":"ReadAction","target":["https:\/\/ffmc76.fr\/index.php\/2021\/03\/02\/carte-grise\/"]}]},{"@type":"ImageObject","inLanguage":"fr-FR","@id":"https:\/\/ffmc76.fr\/index.php\/2021\/03\/02\/carte-grise\/#primaryimage","url":"http:\/\/ffmc76.fr\/wp-content\/uploads\/2021\/03\/immage-cg-1-1024x724.jpg","contentUrl":"http:\/\/ffmc76.fr\/wp-content\/uploads\/2021\/03\/immage-cg-1-1024x724.jpg"},{"@type":"BreadcrumbList","@id":"https:\/\/ffmc76.fr\/index.php\/2021\/03\/02\/carte-grise\/#breadcrumb","itemListElement":[{"@type":"ListItem","position":1,"name":"Accueil","item":"https:\/\/ffmc76.fr\/"},{"@type":"ListItem","position":2,"name":"CARTE GRISE"}]},{"@type":"WebSite","@id":"https:\/\/ffmc76.fr\/#website","url":"https:\/\/ffmc76.fr\/","name":"FFMC76","description":"F\u00e9d\u00e9ration Fran\u00e7aise des Motards en Col\u00e8re, antenne de Seine-Maritime","publisher":{"@id":"https:\/\/ffmc76.fr\/#organization"},"potentialAction":[{"@type":"SearchAction","target":{"@type":"EntryPoint","urlTemplate":"https:\/\/ffmc76.fr\/?s={search_term_string}"},"query-input":{"@type":"PropertyValueSpecification","valueRequired":true,"valueName":"search_term_string"}}],"inLanguage":"fr-FR"},{"@type":"Organization","@id":"https:\/\/ffmc76.fr\/#organization","name":"FFMC76","url":"https:\/\/ffmc76.fr\/","logo":{"@type":"ImageObject","inLanguage":"fr-FR","@id":"https:\/\/ffmc76.fr\/#\/schema\/logo\/image\/","url":"https:\/\/ffmc76.fr\/wp-content\/uploads\/2023\/01\/logo_boxeur-76.png","contentUrl":"https:\/\/ffmc76.fr\/wp-content\/uploads\/2023\/01\/logo_boxeur-76.png","width":545,"height":712,"caption":"FFMC76"},"image":{"@id":"https:\/\/ffmc76.fr\/#\/schema\/logo\/image\/"},"sameAs":["https:\/\/www.facebook.com\/FFMC76"]},{"@type":"Person","@id":"https:\/\/ffmc76.fr\/#\/schema\/person\/f18fa98048075b96dbcf66f412d20c21","name":"hugues","image":{"@type":"ImageObject","inLanguage":"fr-FR","@id":"https:\/\/secure.gravatar.com\/avatar\/2adefe22e49ae1a2d7510e881fc65e6ef28d9f4e0d9aeece50238765d79a38a3?s=96&d=mm&r=g","url":"https:\/\/secure.gravatar.com\/avatar\/2adefe22e49ae1a2d7510e881fc65e6ef28d9f4e0d9aeece50238765d79a38a3?s=96&d=mm&r=g","contentUrl":"https:\/\/secure.gravatar.com\/avatar\/2adefe22e49ae1a2d7510e881fc65e6ef28d9f4e0d9aeece50238765d79a38a3?s=96&d=mm&r=g","caption":"hugues"},"url":"https:\/\/ffmc76.fr\/index.php\/author\/hugues\/"}]}},"_links":{"self":[{"href":"https:\/\/ffmc76.fr\/index.php\/wp-json\/wp\/v2\/posts\/8077","targetHints":{"allow":["GET"]}}],"collection":[{"href":"https:\/\/ffmc76.fr\/index.php\/wp-json\/wp\/v2\/posts"}],"about":[{"href":"https:\/\/ffmc76.fr\/index.php\/wp-json\/wp\/v2\/types\/post"}],"author":[{"embeddable":true,"href":"https:\/\/ffmc76.fr\/index.php\/wp-json\/wp\/v2\/users\/16"}],"replies":[{"embeddable":true,"href":"https:\/\/ffmc76.fr\/index.php\/wp-json\/wp\/v2\/comments?post=8077"}],"version-history":[{"count":8,"href":"https:\/\/ffmc76.fr\/index.php\/wp-json\/wp\/v2\/posts\/8077\/revisions"}],"predecessor-version":[{"id":8088,"href":"https:\/\/ffmc76.fr\/index.php\/wp-json\/wp\/v2\/posts\/8077\/revisions\/8088"}],"wp:attachment":[{"href":"https:\/\/ffmc76.fr\/index.php\/wp-json\/wp\/v2\/media?parent=8077"}],"wp:term":[{"taxonomy":"category","embeddable":true,"href":"https:\/\/ffmc76.fr\/index.php\/wp-json\/wp\/v2\/categories?post=8077"},{"taxonomy":"post_tag","embeddable":true,"href":"https:\/\/ffmc76.fr\/index.php\/wp-json\/wp\/v2\/tags?post=8077"}],"curies":[{"name":"wp","href":"https:\/\/api.w.org\/{rel}","templated":true}]}}