{"id":8170,"date":"2021-03-26T17:09:56","date_gmt":"2021-03-26T16:09:56","guid":{"rendered":"http:\/\/ffmc76.fr\/?p=8170"},"modified":"2021-03-30T21:11:06","modified_gmt":"2021-03-30T19:11:06","slug":"manifestation","status":"publish","type":"post","link":"https:\/\/ffmc76.fr\/index.php\/2021\/03\/26\/manifestation\/","title":{"rendered":"MANIFESTATION"},"content":{"rendered":"\n<figure class=\"wp-block-image size-large\"><img decoding=\"async\" src=\"https:\/\/ffmc76.fr\/wp-content\/uploads\/2021\/03\/AFFICHE-MANIF-ROUEN-2-807x1024.jpg\" alt=\"\" class=\"wp-image-8203\" \/><\/figure>\n\n\n\n<div class=\"wp-block-media-text alignwide is-stacked-on-mobile\"><figure class=\"wp-block-media-text__media\"><img decoding=\"async\" src=\"https:\/\/ffmc76.fr\/wp-content\/uploads\/2021\/03\/AFFICHE-MANIF-ROUEN-807x1024.jpg\" alt=\"\" class=\"wp-image-8168\" \/><\/figure><div class=\"wp-block-media-text__content\">\n<p style=\"font-size:24px\">Rendez vous le <\/p>\n\n\n\n<p style=\"font-size:31px\"><strong>samedi 10 avril <\/strong><\/p>\n\n\n\n<figure class=\"wp-block-image size-large is-resized\"><img loading=\"lazy\" decoding=\"async\" src=\"https:\/\/ffmc76.fr\/wp-content\/uploads\/2021\/03\/AFFICHE-MANIF-ROUEN-807x1024.jpg\" alt=\"\" class=\"wp-image-8202\" width=\"247\" height=\"314\" \/><\/figure>\n\n\n\n<p style=\"font-size:24px\">Esplanade st Gervais Rouen<\/p>\n<\/div><\/div>\n\n\n\n<p>NON AU CONTROLE TECHNIQUE<\/p>\n\n\n\n<p>Le contr\u00f4le technique refait surface par la petite porte de l&rsquo;Europe .<\/p>\n\n\n\n<p>Inefficacit\u00e9 ,partis pris, lobbying ( merci DEKRA) ,tel est le profil du CT 2RM.<\/p>\n\n\n\n<p>La majorit\u00e9 des motards entretiennent leurs 2 roues, moins de 5% d accidents sont li\u00e9s \u00e0 des d\u00e9faillances techniques.<\/p>\n\n\n\n<p>On dit\u00a0\u00bb STOP\u00a0\u00bb . <\/p>\n\n\n\n<p>M\u00e9mento du manifestant<\/p>\n\n\n\n<figure class=\"wp-block-image size-large\"><img decoding=\"async\" src=\"https:\/\/ffmc76.fr\/wp-content\/uploads\/2021\/03\/image3.jpg\" alt=\"\" class=\"wp-image-8172\" \/><\/figure>\n\n\n\n<p>Manifester est un Droit (Attestation de d\u00e9placement) LDH<\/p>\n\n\n\n<p><a href=\"http:\/\/ffmc76.fr\/wp-content\/uploads\/2021\/02\/Attestation-de-d\u00e9placement-d\u00e9rogatoire.docx\">Attestation de d\u00e9placement d\u00e9rogatoire<\/a><br><a href=\"http:\/\/ffmc76.fr\/wp-content\/uploads\/2021\/02\/LDH-droits-manifestation-confinement-2020-11-26.pdf\">LDH droits manifestation confinement<\/a> ;<\/p>\n\n\n\n<p>Covid : Respectez les gestes barri\u00e8res<\/p>\n\n\n\n<p> https:\/\/l.facebook.com\/l.php?u=https%3A%2F%2Fwww.gouvernement.fr%2Finfo-coronavirus%3Ffbclid%3DIwAR3sDFaWJodh8U0mjfZ3RZVT2zA6WoUxs6c9TM6oTfOp44ImZpE5qqXPlNQ&#038;h=AT1XRpaUs2j2mmOSegdZ7yt-w03nUgjRYm0reNF7vyAn7Vkxhi7lHis8t2vEJjo17-mDLCMzGzSzwBGfE-EDjIcbS8YAkXfKKIoAXcndn2LrPfuZLAr8dlX9y5bwNHq-fSvU5ng5xzhYIg1ZyYw<\/p>\n","protected":false},"excerpt":{"rendered":"<p>NON AU CONTROLE TECHNIQUE Le contr\u00f4le technique refait surface par la petite porte de l&rsquo;Europe . Inefficacit\u00e9 ,partis pris, lobbying ( merci DEKRA) ,tel est le profil du CT 2RM. La majorit\u00e9 des motards entretiennent leurs 2 roues, moins de 5% d accidents sont li\u00e9s \u00e0 des d\u00e9faillances techniques. On &#8230;<\/p>\n","protected":false},"author":16,"featured_media":0,"comment_status":"open","ping_status":"open","sticky":false,"template":"","format":"standard","meta":{"inline_featured_image":false,"cybocfi_hide_featured_image":"","footnotes":""},"categories":[30,1],"tags":[],"class_list":["post-8170","post","type-post","status-publish","format-standard","hentry","category-manifestation","category-non-classe","column","twocol"],"yoast_head":"<!-- This site is optimized with the Yoast SEO plugin v27.3 - https:\/\/yoast.com\/product\/yoast-seo-wordpress\/ -->\n<title>MANIFESTATION - FFMC76<\/title>\n<meta name=\"robots\" content=\"index, follow, max-snippet:-1, max-image-preview:large, max-video-preview:-1\" \/>\n<link rel=\"canonical\" href=\"https:\/\/ffmc76.fr\/index.php\/2021\/03\/26\/manifestation\/\" \/>\n<meta property=\"og:locale\" content=\"fr_FR\" \/>\n<meta property=\"og:type\" content=\"article\" \/>\n<meta property=\"og:title\" content=\"MANIFESTATION - FFMC76\" \/>\n<meta property=\"og:description\" content=\"NON AU CONTROLE TECHNIQUE Le contr\u00f4le technique refait surface par la petite porte de l&rsquo;Europe . Inefficacit\u00e9 ,partis pris, lobbying ( merci &#8230;\" \/>\n<meta property=\"og:url\" content=\"https:\/\/ffmc76.fr\/index.php\/2021\/03\/26\/manifestation\/\" \/>\n<meta property=\"og:site_name\" content=\"FFMC76\" \/>\n<meta property=\"article:publisher\" content=\"https:\/\/www.facebook.com\/FFMC76\" \/>\n<meta property=\"article:published_time\" content=\"2021-03-26T16:09:56+00:00\" \/>\n<meta property=\"article:modified_time\" content=\"2021-03-30T19:11:06+00:00\" \/>\n<meta property=\"og:image\" content=\"http:\/\/ffmc76.fr\/wp-content\/uploads\/2021\/03\/AFFICHE-MANIF-ROUEN-2-807x1024.jpg\" \/>\n<meta name=\"author\" content=\"hugues\" \/>\n<meta name=\"twitter:card\" content=\"summary_large_image\" \/>\n<meta name=\"twitter:label1\" content=\"\u00c9crit par\" \/>\n\t<meta name=\"twitter:data1\" content=\"hugues\" \/>\n\t<meta name=\"twitter:label2\" content=\"Dur\u00e9e de lecture estim\u00e9e\" \/>\n\t<meta name=\"twitter:data2\" content=\"1 minute\" \/>\n<script type=\"application\/ld+json\" class=\"yoast-schema-graph\">{\"@context\":\"https:\\\/\\\/schema.org\",\"@graph\":[{\"@type\":\"Article\",\"@id\":\"https:\\\/\\\/ffmc76.fr\\\/index.php\\\/2021\\\/03\\\/26\\\/manifestation\\\/#article\",\"isPartOf\":{\"@id\":\"https:\\\/\\\/ffmc76.fr\\\/index.php\\\/2021\\\/03\\\/26\\\/manifestation\\\/\"},\"author\":{\"name\":\"hugues\",\"@id\":\"https:\\\/\\\/ffmc76.fr\\\/#\\\/schema\\\/person\\\/f18fa98048075b96dbcf66f412d20c21\"},\"headline\":\"MANIFESTATION\",\"datePublished\":\"2021-03-26T16:09:56+00:00\",\"dateModified\":\"2021-03-30T19:11:06+00:00\",\"mainEntityOfPage\":{\"@id\":\"https:\\\/\\\/ffmc76.fr\\\/index.php\\\/2021\\\/03\\\/26\\\/manifestation\\\/\"},\"wordCount\":140,\"commentCount\":1,\"publisher\":{\"@id\":\"https:\\\/\\\/ffmc76.fr\\\/#organization\"},\"image\":{\"@id\":\"https:\\\/\\\/ffmc76.fr\\\/index.php\\\/2021\\\/03\\\/26\\\/manifestation\\\/#primaryimage\"},\"thumbnailUrl\":\"http:\\\/\\\/ffmc76.fr\\\/wp-content\\\/uploads\\\/2021\\\/03\\\/AFFICHE-MANIF-ROUEN-2-807x1024.jpg\",\"articleSection\":[\"Manifestation\"],\"inLanguage\":\"fr-FR\",\"potentialAction\":[{\"@type\":\"CommentAction\",\"name\":\"Comment\",\"target\":[\"https:\\\/\\\/ffmc76.fr\\\/index.php\\\/2021\\\/03\\\/26\\\/manifestation\\\/#respond\"]}]},{\"@type\":\"WebPage\",\"@id\":\"https:\\\/\\\/ffmc76.fr\\\/index.php\\\/2021\\\/03\\\/26\\\/manifestation\\\/\",\"url\":\"https:\\\/\\\/ffmc76.fr\\\/index.php\\\/2021\\\/03\\\/26\\\/manifestation\\\/\",\"name\":\"MANIFESTATION - FFMC76\",\"isPartOf\":{\"@id\":\"https:\\\/\\\/ffmc76.fr\\\/#website\"},\"primaryImageOfPage\":{\"@id\":\"https:\\\/\\\/ffmc76.fr\\\/index.php\\\/2021\\\/03\\\/26\\\/manifestation\\\/#primaryimage\"},\"image\":{\"@id\":\"https:\\\/\\\/ffmc76.fr\\\/index.php\\\/2021\\\/03\\\/26\\\/manifestation\\\/#primaryimage\"},\"thumbnailUrl\":\"http:\\\/\\\/ffmc76.fr\\\/wp-content\\\/uploads\\\/2021\\\/03\\\/AFFICHE-MANIF-ROUEN-2-807x1024.jpg\",\"datePublished\":\"2021-03-26T16:09:56+00:00\",\"dateModified\":\"2021-03-30T19:11:06+00:00\",\"breadcrumb\":{\"@id\":\"https:\\\/\\\/ffmc76.fr\\\/index.php\\\/2021\\\/03\\\/26\\\/manifestation\\\/#breadcrumb\"},\"inLanguage\":\"fr-FR\",\"potentialAction\":[{\"@type\":\"ReadAction\",\"target\":[\"https:\\\/\\\/ffmc76.fr\\\/index.php\\\/2021\\\/03\\\/26\\\/manifestation\\\/\"]}]},{\"@type\":\"ImageObject\",\"inLanguage\":\"fr-FR\",\"@id\":\"https:\\\/\\\/ffmc76.fr\\\/index.php\\\/2021\\\/03\\\/26\\\/manifestation\\\/#primaryimage\",\"url\":\"http:\\\/\\\/ffmc76.fr\\\/wp-content\\\/uploads\\\/2021\\\/03\\\/AFFICHE-MANIF-ROUEN-2-807x1024.jpg\",\"contentUrl\":\"http:\\\/\\\/ffmc76.fr\\\/wp-content\\\/uploads\\\/2021\\\/03\\\/AFFICHE-MANIF-ROUEN-2-807x1024.jpg\"},{\"@type\":\"BreadcrumbList\",\"@id\":\"https:\\\/\\\/ffmc76.fr\\\/index.php\\\/2021\\\/03\\\/26\\\/manifestation\\\/#breadcrumb\",\"itemListElement\":[{\"@type\":\"ListItem\",\"position\":1,\"name\":\"Accueil\",\"item\":\"https:\\\/\\\/ffmc76.fr\\\/\"},{\"@type\":\"ListItem\",\"position\":2,\"name\":\"MANIFESTATION\"}]},{\"@type\":\"WebSite\",\"@id\":\"https:\\\/\\\/ffmc76.fr\\\/#website\",\"url\":\"https:\\\/\\\/ffmc76.fr\\\/\",\"name\":\"FFMC76\",\"description\":\"F\u00e9d\u00e9ration Fran\u00e7aise des Motards en Col\u00e8re, antenne de Seine-Maritime\",\"publisher\":{\"@id\":\"https:\\\/\\\/ffmc76.fr\\\/#organization\"},\"potentialAction\":[{\"@type\":\"SearchAction\",\"target\":{\"@type\":\"EntryPoint\",\"urlTemplate\":\"https:\\\/\\\/ffmc76.fr\\\/?s={search_term_string}\"},\"query-input\":{\"@type\":\"PropertyValueSpecification\",\"valueRequired\":true,\"valueName\":\"search_term_string\"}}],\"inLanguage\":\"fr-FR\"},{\"@type\":\"Organization\",\"@id\":\"https:\\\/\\\/ffmc76.fr\\\/#organization\",\"name\":\"FFMC76\",\"url\":\"https:\\\/\\\/ffmc76.fr\\\/\",\"logo\":{\"@type\":\"ImageObject\",\"inLanguage\":\"fr-FR\",\"@id\":\"https:\\\/\\\/ffmc76.fr\\\/#\\\/schema\\\/logo\\\/image\\\/\",\"url\":\"https:\\\/\\\/ffmc76.fr\\\/wp-content\\\/uploads\\\/2023\\\/01\\\/logo_boxeur-76.png\",\"contentUrl\":\"https:\\\/\\\/ffmc76.fr\\\/wp-content\\\/uploads\\\/2023\\\/01\\\/logo_boxeur-76.png\",\"width\":545,\"height\":712,\"caption\":\"FFMC76\"},\"image\":{\"@id\":\"https:\\\/\\\/ffmc76.fr\\\/#\\\/schema\\\/logo\\\/image\\\/\"},\"sameAs\":[\"https:\\\/\\\/www.facebook.com\\\/FFMC76\"]},{\"@type\":\"Person\",\"@id\":\"https:\\\/\\\/ffmc76.fr\\\/#\\\/schema\\\/person\\\/f18fa98048075b96dbcf66f412d20c21\",\"name\":\"hugues\",\"image\":{\"@type\":\"ImageObject\",\"inLanguage\":\"fr-FR\",\"@id\":\"https:\\\/\\\/secure.gravatar.com\\\/avatar\\\/2adefe22e49ae1a2d7510e881fc65e6ef28d9f4e0d9aeece50238765d79a38a3?s=96&d=mm&r=g\",\"url\":\"https:\\\/\\\/secure.gravatar.com\\\/avatar\\\/2adefe22e49ae1a2d7510e881fc65e6ef28d9f4e0d9aeece50238765d79a38a3?s=96&d=mm&r=g\",\"contentUrl\":\"https:\\\/\\\/secure.gravatar.com\\\/avatar\\\/2adefe22e49ae1a2d7510e881fc65e6ef28d9f4e0d9aeece50238765d79a38a3?s=96&d=mm&r=g\",\"caption\":\"hugues\"},\"url\":\"https:\\\/\\\/ffmc76.fr\\\/index.php\\\/author\\\/hugues\\\/\"}]}<\/script>\n<!-- \/ Yoast SEO plugin. -->","yoast_head_json":{"title":"MANIFESTATION - FFMC76","robots":{"index":"index","follow":"follow","max-snippet":"max-snippet:-1","max-image-preview":"max-image-preview:large","max-video-preview":"max-video-preview:-1"},"canonical":"https:\/\/ffmc76.fr\/index.php\/2021\/03\/26\/manifestation\/","og_locale":"fr_FR","og_type":"article","og_title":"MANIFESTATION - FFMC76","og_description":"NON AU CONTROLE TECHNIQUE Le contr\u00f4le technique refait surface par la petite porte de l&rsquo;Europe . Inefficacit\u00e9 ,partis pris, lobbying ( merci &#8230;","og_url":"https:\/\/ffmc76.fr\/index.php\/2021\/03\/26\/manifestation\/","og_site_name":"FFMC76","article_publisher":"https:\/\/www.facebook.com\/FFMC76","article_published_time":"2021-03-26T16:09:56+00:00","article_modified_time":"2021-03-30T19:11:06+00:00","og_image":[{"url":"http:\/\/ffmc76.fr\/wp-content\/uploads\/2021\/03\/AFFICHE-MANIF-ROUEN-2-807x1024.jpg","type":"","width":"","height":""}],"author":"hugues","twitter_card":"summary_large_image","twitter_misc":{"\u00c9crit par":"hugues","Dur\u00e9e de lecture estim\u00e9e":"1 minute"},"schema":{"@context":"https:\/\/schema.org","@graph":[{"@type":"Article","@id":"https:\/\/ffmc76.fr\/index.php\/2021\/03\/26\/manifestation\/#article","isPartOf":{"@id":"https:\/\/ffmc76.fr\/index.php\/2021\/03\/26\/manifestation\/"},"author":{"name":"hugues","@id":"https:\/\/ffmc76.fr\/#\/schema\/person\/f18fa98048075b96dbcf66f412d20c21"},"headline":"MANIFESTATION","datePublished":"2021-03-26T16:09:56+00:00","dateModified":"2021-03-30T19:11:06+00:00","mainEntityOfPage":{"@id":"https:\/\/ffmc76.fr\/index.php\/2021\/03\/26\/manifestation\/"},"wordCount":140,"commentCount":1,"publisher":{"@id":"https:\/\/ffmc76.fr\/#organization"},"image":{"@id":"https:\/\/ffmc76.fr\/index.php\/2021\/03\/26\/manifestation\/#primaryimage"},"thumbnailUrl":"http:\/\/ffmc76.fr\/wp-content\/uploads\/2021\/03\/AFFICHE-MANIF-ROUEN-2-807x1024.jpg","articleSection":["Manifestation"],"inLanguage":"fr-FR","potentialAction":[{"@type":"CommentAction","name":"Comment","target":["https:\/\/ffmc76.fr\/index.php\/2021\/03\/26\/manifestation\/#respond"]}]},{"@type":"WebPage","@id":"https:\/\/ffmc76.fr\/index.php\/2021\/03\/26\/manifestation\/","url":"https:\/\/ffmc76.fr\/index.php\/2021\/03\/26\/manifestation\/","name":"MANIFESTATION - FFMC76","isPartOf":{"@id":"https:\/\/ffmc76.fr\/#website"},"primaryImageOfPage":{"@id":"https:\/\/ffmc76.fr\/index.php\/2021\/03\/26\/manifestation\/#primaryimage"},"image":{"@id":"https:\/\/ffmc76.fr\/index.php\/2021\/03\/26\/manifestation\/#primaryimage"},"thumbnailUrl":"http:\/\/ffmc76.fr\/wp-content\/uploads\/2021\/03\/AFFICHE-MANIF-ROUEN-2-807x1024.jpg","datePublished":"2021-03-26T16:09:56+00:00","dateModified":"2021-03-30T19:11:06+00:00","breadcrumb":{"@id":"https:\/\/ffmc76.fr\/index.php\/2021\/03\/26\/manifestation\/#breadcrumb"},"inLanguage":"fr-FR","potentialAction":[{"@type":"ReadAction","target":["https:\/\/ffmc76.fr\/index.php\/2021\/03\/26\/manifestation\/"]}]},{"@type":"ImageObject","inLanguage":"fr-FR","@id":"https:\/\/ffmc76.fr\/index.php\/2021\/03\/26\/manifestation\/#primaryimage","url":"http:\/\/ffmc76.fr\/wp-content\/uploads\/2021\/03\/AFFICHE-MANIF-ROUEN-2-807x1024.jpg","contentUrl":"http:\/\/ffmc76.fr\/wp-content\/uploads\/2021\/03\/AFFICHE-MANIF-ROUEN-2-807x1024.jpg"},{"@type":"BreadcrumbList","@id":"https:\/\/ffmc76.fr\/index.php\/2021\/03\/26\/manifestation\/#breadcrumb","itemListElement":[{"@type":"ListItem","position":1,"name":"Accueil","item":"https:\/\/ffmc76.fr\/"},{"@type":"ListItem","position":2,"name":"MANIFESTATION"}]},{"@type":"WebSite","@id":"https:\/\/ffmc76.fr\/#website","url":"https:\/\/ffmc76.fr\/","name":"FFMC76","description":"F\u00e9d\u00e9ration Fran\u00e7aise des Motards en Col\u00e8re, antenne de Seine-Maritime","publisher":{"@id":"https:\/\/ffmc76.fr\/#organization"},"potentialAction":[{"@type":"SearchAction","target":{"@type":"EntryPoint","urlTemplate":"https:\/\/ffmc76.fr\/?s={search_term_string}"},"query-input":{"@type":"PropertyValueSpecification","valueRequired":true,"valueName":"search_term_string"}}],"inLanguage":"fr-FR"},{"@type":"Organization","@id":"https:\/\/ffmc76.fr\/#organization","name":"FFMC76","url":"https:\/\/ffmc76.fr\/","logo":{"@type":"ImageObject","inLanguage":"fr-FR","@id":"https:\/\/ffmc76.fr\/#\/schema\/logo\/image\/","url":"https:\/\/ffmc76.fr\/wp-content\/uploads\/2023\/01\/logo_boxeur-76.png","contentUrl":"https:\/\/ffmc76.fr\/wp-content\/uploads\/2023\/01\/logo_boxeur-76.png","width":545,"height":712,"caption":"FFMC76"},"image":{"@id":"https:\/\/ffmc76.fr\/#\/schema\/logo\/image\/"},"sameAs":["https:\/\/www.facebook.com\/FFMC76"]},{"@type":"Person","@id":"https:\/\/ffmc76.fr\/#\/schema\/person\/f18fa98048075b96dbcf66f412d20c21","name":"hugues","image":{"@type":"ImageObject","inLanguage":"fr-FR","@id":"https:\/\/secure.gravatar.com\/avatar\/2adefe22e49ae1a2d7510e881fc65e6ef28d9f4e0d9aeece50238765d79a38a3?s=96&d=mm&r=g","url":"https:\/\/secure.gravatar.com\/avatar\/2adefe22e49ae1a2d7510e881fc65e6ef28d9f4e0d9aeece50238765d79a38a3?s=96&d=mm&r=g","contentUrl":"https:\/\/secure.gravatar.com\/avatar\/2adefe22e49ae1a2d7510e881fc65e6ef28d9f4e0d9aeece50238765d79a38a3?s=96&d=mm&r=g","caption":"hugues"},"url":"https:\/\/ffmc76.fr\/index.php\/author\/hugues\/"}]}},"_links":{"self":[{"href":"https:\/\/ffmc76.fr\/index.php\/wp-json\/wp\/v2\/posts\/8170","targetHints":{"allow":["GET"]}}],"collection":[{"href":"https:\/\/ffmc76.fr\/index.php\/wp-json\/wp\/v2\/posts"}],"about":[{"href":"https:\/\/ffmc76.fr\/index.php\/wp-json\/wp\/v2\/types\/post"}],"author":[{"embeddable":true,"href":"https:\/\/ffmc76.fr\/index.php\/wp-json\/wp\/v2\/users\/16"}],"replies":[{"embeddable":true,"href":"https:\/\/ffmc76.fr\/index.php\/wp-json\/wp\/v2\/comments?post=8170"}],"version-history":[{"count":9,"href":"https:\/\/ffmc76.fr\/index.php\/wp-json\/wp\/v2\/posts\/8170\/revisions"}],"predecessor-version":[{"id":8205,"href":"https:\/\/ffmc76.fr\/index.php\/wp-json\/wp\/v2\/posts\/8170\/revisions\/8205"}],"wp:attachment":[{"href":"https:\/\/ffmc76.fr\/index.php\/wp-json\/wp\/v2\/media?parent=8170"}],"wp:term":[{"taxonomy":"category","embeddable":true,"href":"https:\/\/ffmc76.fr\/index.php\/wp-json\/wp\/v2\/categories?post=8170"},{"taxonomy":"post_tag","embeddable":true,"href":"https:\/\/ffmc76.fr\/index.php\/wp-json\/wp\/v2\/tags?post=8170"}],"curies":[{"name":"wp","href":"https:\/\/api.w.org\/{rel}","templated":true}]}}