{"id":8556,"date":"2022-11-07T19:08:39","date_gmt":"2022-11-07T18:08:39","guid":{"rendered":"http:\/\/ffmc76.fr\/?p=8556"},"modified":"2026-01-30T15:07:31","modified_gmt":"2026-01-30T14:07:31","slug":"ct-la-ffmc-nationale-a-publie-sa-reaction-a-la-decision-du-conseil-detat","status":"publish","type":"post","link":"https:\/\/ffmc76.fr\/index.php\/2022\/11\/07\/ct-la-ffmc-nationale-a-publie-sa-reaction-a-la-decision-du-conseil-detat\/","title":{"rendered":"CT : la FFMC nationale a publi\u00e9 sa r\u00e9action suite \u00e0 la d\u00e9cision du conseil d&rsquo;\u00e9tat"},"content":{"rendered":"\n<h1 class=\"wp-block-heading\">Contr\u00f4le technique\u202f&nbsp;: le gouvernement des juges\u202f&nbsp;?  \n\t\t\tLe Conseil d\u2019\u00c9tat fait fausse route, mal avis\u00e9 par des associations \u00e9cologiques-extr\u00e9mistes et anti moto<\/h1>\n\n\n\n<p><em>Convaincus de l\u2019inutilit\u00e9 du contr\u00f4le technique pour am\u00e9liorer tant la  s\u00e9curit\u00e9 routi\u00e8re que les performances environnementales des deux-roues  motoris\u00e9s, la FFMC s\u2019interroge sur les motivations des juges du Conseil  d\u2019Etat. Ceux-ci ont retoqu\u00e9 l\u2019abrogation du contr\u00f4le technique passant  par dessus la t\u00eate de la Commission Europ\u00e9enne, qui elle, n\u2019avait eu  rien \u00e0 redire \u00e0 l\u2019alternative Fran\u00e7aise. <\/em><\/p>\n\n\n\n<p class=\"has-text-align-center\"><a href=\"https:\/\/ffmc.asso.fr\/controle-technique-le-gouvernement\"><strong>Lire la suite sur le site FFMC<\/strong><\/a><\/p>\n\n\n\n<figure class=\"wp-block-image size-large\"><img loading=\"lazy\" decoding=\"async\" width=\"640\" height=\"474\" src=\"https:\/\/ffmc76.fr\/wp-content\/uploads\/2022\/11\/vachalait-le-retour.jpg\" alt=\"\" class=\"wp-image-8558\" srcset=\"https:\/\/ffmc76.fr\/wp-content\/uploads\/2022\/11\/vachalait-le-retour.jpg 640w, https:\/\/ffmc76.fr\/wp-content\/uploads\/2022\/11\/vachalait-le-retour-300x222.jpg 300w, https:\/\/ffmc76.fr\/wp-content\/uploads\/2022\/11\/vachalait-le-retour-600x444.jpg 600w\" sizes=\"auto, (max-width: 640px) 100vw, 640px\" \/><\/figure>\n\n\n\n<p><\/p>\n","protected":false},"excerpt":{"rendered":"<p>Contr\u00f4le technique\u202f&nbsp;: le gouvernement des juges\u202f&nbsp;? Le Conseil d\u2019\u00c9tat fait fausse route, mal avis\u00e9 par des associations \u00e9cologiques-extr\u00e9mistes et anti moto Convaincus de l\u2019inutilit\u00e9 du contr\u00f4le technique pour am\u00e9liorer tant la s\u00e9curit\u00e9 routi\u00e8re que les performances environnementales des deux-roues motoris\u00e9s, la FFMC s\u2019interroge sur les motivations des juges du Conseil &#8230;<\/p>\n","protected":false},"author":15,"featured_media":8563,"comment_status":"open","ping_status":"open","sticky":false,"template":"","format":"standard","meta":{"inline_featured_image":false,"cybocfi_hide_featured_image":"","footnotes":""},"categories":[67],"tags":[],"class_list":["post-8556","post","type-post","status-publish","format-standard","has-post-thumbnail","hentry","category-defense-de-la-moto","column","twocol","has-thumbnail"],"yoast_head":"<!-- This site is optimized with the Yoast SEO plugin v27.3 - https:\/\/yoast.com\/product\/yoast-seo-wordpress\/ -->\n<title>CT : la FFMC nationale a publi\u00e9 sa r\u00e9action suite \u00e0 la d\u00e9cision du conseil d&#039;\u00e9tat - FFMC76<\/title>\n<meta name=\"description\" content=\"Convaincus de l\u2019inutilit\u00e9 du contr\u00f4le technique pour am\u00e9liorer tant la s\u00e9curit\u00e9 routi\u00e8re que les performances environnementales des deux-roues motoris\u00e9s, la FFMC s\u2019interroge sur les motivations des juges du Conseil d\u2019Etat. Ceux-ci ont retoqu\u00e9 l\u2019abrogation du contr\u00f4le technique passant par dessus la t\u00eate de la Commission Europ\u00e9enne, qui elle, n\u2019avait eu rien \u00e0 redire \u00e0 l\u2019alternative Fran\u00e7aise.\" \/>\n<meta name=\"robots\" content=\"index, follow, max-snippet:-1, max-image-preview:large, max-video-preview:-1\" \/>\n<link rel=\"canonical\" href=\"https:\/\/ffmc76.fr\/index.php\/2022\/11\/07\/ct-la-ffmc-nationale-a-publie-sa-reaction-a-la-decision-du-conseil-detat\/\" \/>\n<meta property=\"og:locale\" content=\"fr_FR\" \/>\n<meta property=\"og:type\" content=\"article\" \/>\n<meta property=\"og:title\" content=\"CT : la FFMC nationale a publi\u00e9 sa r\u00e9action suite \u00e0 la d\u00e9cision du conseil d&#039;\u00e9tat - FFMC76\" \/>\n<meta property=\"og:description\" content=\"Convaincus de l\u2019inutilit\u00e9 du contr\u00f4le technique pour am\u00e9liorer tant la s\u00e9curit\u00e9 routi\u00e8re que les performances environnementales des deux-roues motoris\u00e9s, la FFMC s\u2019interroge sur les motivations des juges du Conseil d\u2019Etat. Ceux-ci ont retoqu\u00e9 l\u2019abrogation du contr\u00f4le technique passant par dessus la t\u00eate de la Commission Europ\u00e9enne, qui elle, n\u2019avait eu rien \u00e0 redire \u00e0 l\u2019alternative Fran\u00e7aise.\" \/>\n<meta property=\"og:url\" content=\"https:\/\/ffmc76.fr\/index.php\/2022\/11\/07\/ct-la-ffmc-nationale-a-publie-sa-reaction-a-la-decision-du-conseil-detat\/\" \/>\n<meta property=\"og:site_name\" content=\"FFMC76\" \/>\n<meta property=\"article:publisher\" content=\"https:\/\/www.facebook.com\/FFMC76\" \/>\n<meta property=\"article:published_time\" content=\"2022-11-07T18:08:39+00:00\" \/>\n<meta property=\"article:modified_time\" content=\"2026-01-30T14:07:31+00:00\" \/>\n<meta property=\"og:image\" content=\"https:\/\/ffmc76.fr\/wp-content\/uploads\/2022\/11\/vachalait-le-retour_bis.jpg\" \/>\n\t<meta property=\"og:image:width\" content=\"638\" \/>\n\t<meta property=\"og:image:height\" content=\"347\" \/>\n\t<meta property=\"og:image:type\" content=\"image\/jpeg\" \/>\n<meta name=\"author\" content=\"Gwendoline\" \/>\n<meta name=\"twitter:card\" content=\"summary_large_image\" \/>\n<meta name=\"twitter:label1\" content=\"\u00c9crit par\" \/>\n\t<meta name=\"twitter:data1\" content=\"Gwendoline\" \/>\n\t<meta name=\"twitter:label2\" content=\"Dur\u00e9e de lecture estim\u00e9e\" \/>\n\t<meta name=\"twitter:data2\" content=\"1 minute\" \/>\n<script type=\"application\/ld+json\" class=\"yoast-schema-graph\">{\"@context\":\"https:\\\/\\\/schema.org\",\"@graph\":[{\"@type\":\"Article\",\"@id\":\"https:\\\/\\\/ffmc76.fr\\\/index.php\\\/2022\\\/11\\\/07\\\/ct-la-ffmc-nationale-a-publie-sa-reaction-a-la-decision-du-conseil-detat\\\/#article\",\"isPartOf\":{\"@id\":\"https:\\\/\\\/ffmc76.fr\\\/index.php\\\/2022\\\/11\\\/07\\\/ct-la-ffmc-nationale-a-publie-sa-reaction-a-la-decision-du-conseil-detat\\\/\"},\"author\":{\"name\":\"Gwendoline\",\"@id\":\"https:\\\/\\\/ffmc76.fr\\\/#\\\/schema\\\/person\\\/c8963a8e9eefc6b5d966af8fe565651e\"},\"headline\":\"CT : la FFMC nationale a publi\u00e9 sa r\u00e9action suite \u00e0 la d\u00e9cision du conseil d&rsquo;\u00e9tat\",\"datePublished\":\"2022-11-07T18:08:39+00:00\",\"dateModified\":\"2026-01-30T14:07:31+00:00\",\"mainEntityOfPage\":{\"@id\":\"https:\\\/\\\/ffmc76.fr\\\/index.php\\\/2022\\\/11\\\/07\\\/ct-la-ffmc-nationale-a-publie-sa-reaction-a-la-decision-du-conseil-detat\\\/\"},\"wordCount\":119,\"commentCount\":0,\"publisher\":{\"@id\":\"https:\\\/\\\/ffmc76.fr\\\/#organization\"},\"image\":{\"@id\":\"https:\\\/\\\/ffmc76.fr\\\/index.php\\\/2022\\\/11\\\/07\\\/ct-la-ffmc-nationale-a-publie-sa-reaction-a-la-decision-du-conseil-detat\\\/#primaryimage\"},\"thumbnailUrl\":\"https:\\\/\\\/ffmc76.fr\\\/wp-content\\\/uploads\\\/2022\\\/11\\\/vachalait-le-retour_bis.jpg\",\"articleSection\":[\"D\u00e9fense de la moto\"],\"inLanguage\":\"fr-FR\",\"potentialAction\":[{\"@type\":\"CommentAction\",\"name\":\"Comment\",\"target\":[\"https:\\\/\\\/ffmc76.fr\\\/index.php\\\/2022\\\/11\\\/07\\\/ct-la-ffmc-nationale-a-publie-sa-reaction-a-la-decision-du-conseil-detat\\\/#respond\"]}]},{\"@type\":\"WebPage\",\"@id\":\"https:\\\/\\\/ffmc76.fr\\\/index.php\\\/2022\\\/11\\\/07\\\/ct-la-ffmc-nationale-a-publie-sa-reaction-a-la-decision-du-conseil-detat\\\/\",\"url\":\"https:\\\/\\\/ffmc76.fr\\\/index.php\\\/2022\\\/11\\\/07\\\/ct-la-ffmc-nationale-a-publie-sa-reaction-a-la-decision-du-conseil-detat\\\/\",\"name\":\"CT : la FFMC nationale a publi\u00e9 sa r\u00e9action suite \u00e0 la d\u00e9cision du conseil d'\u00e9tat - FFMC76\",\"isPartOf\":{\"@id\":\"https:\\\/\\\/ffmc76.fr\\\/#website\"},\"primaryImageOfPage\":{\"@id\":\"https:\\\/\\\/ffmc76.fr\\\/index.php\\\/2022\\\/11\\\/07\\\/ct-la-ffmc-nationale-a-publie-sa-reaction-a-la-decision-du-conseil-detat\\\/#primaryimage\"},\"image\":{\"@id\":\"https:\\\/\\\/ffmc76.fr\\\/index.php\\\/2022\\\/11\\\/07\\\/ct-la-ffmc-nationale-a-publie-sa-reaction-a-la-decision-du-conseil-detat\\\/#primaryimage\"},\"thumbnailUrl\":\"https:\\\/\\\/ffmc76.fr\\\/wp-content\\\/uploads\\\/2022\\\/11\\\/vachalait-le-retour_bis.jpg\",\"datePublished\":\"2022-11-07T18:08:39+00:00\",\"dateModified\":\"2026-01-30T14:07:31+00:00\",\"description\":\"Convaincus de l\u2019inutilit\u00e9 du contr\u00f4le technique pour am\u00e9liorer tant la s\u00e9curit\u00e9 routi\u00e8re que les performances environnementales des deux-roues motoris\u00e9s, la FFMC s\u2019interroge sur les motivations des juges du Conseil d\u2019Etat. Ceux-ci ont retoqu\u00e9 l\u2019abrogation du contr\u00f4le technique passant par dessus la t\u00eate de la Commission Europ\u00e9enne, qui elle, n\u2019avait eu rien \u00e0 redire \u00e0 l\u2019alternative Fran\u00e7aise.\",\"breadcrumb\":{\"@id\":\"https:\\\/\\\/ffmc76.fr\\\/index.php\\\/2022\\\/11\\\/07\\\/ct-la-ffmc-nationale-a-publie-sa-reaction-a-la-decision-du-conseil-detat\\\/#breadcrumb\"},\"inLanguage\":\"fr-FR\",\"potentialAction\":[{\"@type\":\"ReadAction\",\"target\":[\"https:\\\/\\\/ffmc76.fr\\\/index.php\\\/2022\\\/11\\\/07\\\/ct-la-ffmc-nationale-a-publie-sa-reaction-a-la-decision-du-conseil-detat\\\/\"]}]},{\"@type\":\"ImageObject\",\"inLanguage\":\"fr-FR\",\"@id\":\"https:\\\/\\\/ffmc76.fr\\\/index.php\\\/2022\\\/11\\\/07\\\/ct-la-ffmc-nationale-a-publie-sa-reaction-a-la-decision-du-conseil-detat\\\/#primaryimage\",\"url\":\"https:\\\/\\\/ffmc76.fr\\\/wp-content\\\/uploads\\\/2022\\\/11\\\/vachalait-le-retour_bis.jpg\",\"contentUrl\":\"https:\\\/\\\/ffmc76.fr\\\/wp-content\\\/uploads\\\/2022\\\/11\\\/vachalait-le-retour_bis.jpg\",\"width\":638,\"height\":347,\"caption\":\"CREATOR: gd-jpeg v1.0 (using IJG JPEG v62), quality = 75\"},{\"@type\":\"BreadcrumbList\",\"@id\":\"https:\\\/\\\/ffmc76.fr\\\/index.php\\\/2022\\\/11\\\/07\\\/ct-la-ffmc-nationale-a-publie-sa-reaction-a-la-decision-du-conseil-detat\\\/#breadcrumb\",\"itemListElement\":[{\"@type\":\"ListItem\",\"position\":1,\"name\":\"Accueil\",\"item\":\"https:\\\/\\\/ffmc76.fr\\\/\"},{\"@type\":\"ListItem\",\"position\":2,\"name\":\"CT : la FFMC nationale a publi\u00e9 sa r\u00e9action suite \u00e0 la d\u00e9cision du conseil d&rsquo;\u00e9tat\"}]},{\"@type\":\"WebSite\",\"@id\":\"https:\\\/\\\/ffmc76.fr\\\/#website\",\"url\":\"https:\\\/\\\/ffmc76.fr\\\/\",\"name\":\"FFMC76\",\"description\":\"F\u00e9d\u00e9ration Fran\u00e7aise des Motards en Col\u00e8re, antenne de Seine-Maritime\",\"publisher\":{\"@id\":\"https:\\\/\\\/ffmc76.fr\\\/#organization\"},\"potentialAction\":[{\"@type\":\"SearchAction\",\"target\":{\"@type\":\"EntryPoint\",\"urlTemplate\":\"https:\\\/\\\/ffmc76.fr\\\/?s={search_term_string}\"},\"query-input\":{\"@type\":\"PropertyValueSpecification\",\"valueRequired\":true,\"valueName\":\"search_term_string\"}}],\"inLanguage\":\"fr-FR\"},{\"@type\":\"Organization\",\"@id\":\"https:\\\/\\\/ffmc76.fr\\\/#organization\",\"name\":\"FFMC76\",\"url\":\"https:\\\/\\\/ffmc76.fr\\\/\",\"logo\":{\"@type\":\"ImageObject\",\"inLanguage\":\"fr-FR\",\"@id\":\"https:\\\/\\\/ffmc76.fr\\\/#\\\/schema\\\/logo\\\/image\\\/\",\"url\":\"https:\\\/\\\/ffmc76.fr\\\/wp-content\\\/uploads\\\/2023\\\/01\\\/logo_boxeur-76.png\",\"contentUrl\":\"https:\\\/\\\/ffmc76.fr\\\/wp-content\\\/uploads\\\/2023\\\/01\\\/logo_boxeur-76.png\",\"width\":545,\"height\":712,\"caption\":\"FFMC76\"},\"image\":{\"@id\":\"https:\\\/\\\/ffmc76.fr\\\/#\\\/schema\\\/logo\\\/image\\\/\"},\"sameAs\":[\"https:\\\/\\\/www.facebook.com\\\/FFMC76\"]},{\"@type\":\"Person\",\"@id\":\"https:\\\/\\\/ffmc76.fr\\\/#\\\/schema\\\/person\\\/c8963a8e9eefc6b5d966af8fe565651e\",\"name\":\"Gwendoline\",\"image\":{\"@type\":\"ImageObject\",\"inLanguage\":\"fr-FR\",\"@id\":\"https:\\\/\\\/secure.gravatar.com\\\/avatar\\\/2e3784798477b4a30c7227cc3a0c723cf3e0b2f8fe756c13683bd0231c90c5e7?s=96&d=mm&r=g\",\"url\":\"https:\\\/\\\/secure.gravatar.com\\\/avatar\\\/2e3784798477b4a30c7227cc3a0c723cf3e0b2f8fe756c13683bd0231c90c5e7?s=96&d=mm&r=g\",\"contentUrl\":\"https:\\\/\\\/secure.gravatar.com\\\/avatar\\\/2e3784798477b4a30c7227cc3a0c723cf3e0b2f8fe756c13683bd0231c90c5e7?s=96&d=mm&r=g\",\"caption\":\"Gwendoline\"},\"url\":\"https:\\\/\\\/ffmc76.fr\\\/index.php\\\/author\\\/gwendo\\\/\"}]}<\/script>\n<!-- \/ Yoast SEO plugin. -->","yoast_head_json":{"title":"CT : la FFMC nationale a publi\u00e9 sa r\u00e9action suite \u00e0 la d\u00e9cision du conseil d'\u00e9tat - FFMC76","description":"Convaincus de l\u2019inutilit\u00e9 du contr\u00f4le technique pour am\u00e9liorer tant la s\u00e9curit\u00e9 routi\u00e8re que les performances environnementales des deux-roues motoris\u00e9s, la FFMC s\u2019interroge sur les motivations des juges du Conseil d\u2019Etat. Ceux-ci ont retoqu\u00e9 l\u2019abrogation du contr\u00f4le technique passant par dessus la t\u00eate de la Commission Europ\u00e9enne, qui elle, n\u2019avait eu rien \u00e0 redire \u00e0 l\u2019alternative Fran\u00e7aise.","robots":{"index":"index","follow":"follow","max-snippet":"max-snippet:-1","max-image-preview":"max-image-preview:large","max-video-preview":"max-video-preview:-1"},"canonical":"https:\/\/ffmc76.fr\/index.php\/2022\/11\/07\/ct-la-ffmc-nationale-a-publie-sa-reaction-a-la-decision-du-conseil-detat\/","og_locale":"fr_FR","og_type":"article","og_title":"CT : la FFMC nationale a publi\u00e9 sa r\u00e9action suite \u00e0 la d\u00e9cision du conseil d'\u00e9tat - FFMC76","og_description":"Convaincus de l\u2019inutilit\u00e9 du contr\u00f4le technique pour am\u00e9liorer tant la s\u00e9curit\u00e9 routi\u00e8re que les performances environnementales des deux-roues motoris\u00e9s, la FFMC s\u2019interroge sur les motivations des juges du Conseil d\u2019Etat. Ceux-ci ont retoqu\u00e9 l\u2019abrogation du contr\u00f4le technique passant par dessus la t\u00eate de la Commission Europ\u00e9enne, qui elle, n\u2019avait eu rien \u00e0 redire \u00e0 l\u2019alternative Fran\u00e7aise.","og_url":"https:\/\/ffmc76.fr\/index.php\/2022\/11\/07\/ct-la-ffmc-nationale-a-publie-sa-reaction-a-la-decision-du-conseil-detat\/","og_site_name":"FFMC76","article_publisher":"https:\/\/www.facebook.com\/FFMC76","article_published_time":"2022-11-07T18:08:39+00:00","article_modified_time":"2026-01-30T14:07:31+00:00","og_image":[{"width":638,"height":347,"url":"https:\/\/ffmc76.fr\/wp-content\/uploads\/2022\/11\/vachalait-le-retour_bis.jpg","type":"image\/jpeg"}],"author":"Gwendoline","twitter_card":"summary_large_image","twitter_misc":{"\u00c9crit par":"Gwendoline","Dur\u00e9e de lecture estim\u00e9e":"1 minute"},"schema":{"@context":"https:\/\/schema.org","@graph":[{"@type":"Article","@id":"https:\/\/ffmc76.fr\/index.php\/2022\/11\/07\/ct-la-ffmc-nationale-a-publie-sa-reaction-a-la-decision-du-conseil-detat\/#article","isPartOf":{"@id":"https:\/\/ffmc76.fr\/index.php\/2022\/11\/07\/ct-la-ffmc-nationale-a-publie-sa-reaction-a-la-decision-du-conseil-detat\/"},"author":{"name":"Gwendoline","@id":"https:\/\/ffmc76.fr\/#\/schema\/person\/c8963a8e9eefc6b5d966af8fe565651e"},"headline":"CT : la FFMC nationale a publi\u00e9 sa r\u00e9action suite \u00e0 la d\u00e9cision du conseil d&rsquo;\u00e9tat","datePublished":"2022-11-07T18:08:39+00:00","dateModified":"2026-01-30T14:07:31+00:00","mainEntityOfPage":{"@id":"https:\/\/ffmc76.fr\/index.php\/2022\/11\/07\/ct-la-ffmc-nationale-a-publie-sa-reaction-a-la-decision-du-conseil-detat\/"},"wordCount":119,"commentCount":0,"publisher":{"@id":"https:\/\/ffmc76.fr\/#organization"},"image":{"@id":"https:\/\/ffmc76.fr\/index.php\/2022\/11\/07\/ct-la-ffmc-nationale-a-publie-sa-reaction-a-la-decision-du-conseil-detat\/#primaryimage"},"thumbnailUrl":"https:\/\/ffmc76.fr\/wp-content\/uploads\/2022\/11\/vachalait-le-retour_bis.jpg","articleSection":["D\u00e9fense de la moto"],"inLanguage":"fr-FR","potentialAction":[{"@type":"CommentAction","name":"Comment","target":["https:\/\/ffmc76.fr\/index.php\/2022\/11\/07\/ct-la-ffmc-nationale-a-publie-sa-reaction-a-la-decision-du-conseil-detat\/#respond"]}]},{"@type":"WebPage","@id":"https:\/\/ffmc76.fr\/index.php\/2022\/11\/07\/ct-la-ffmc-nationale-a-publie-sa-reaction-a-la-decision-du-conseil-detat\/","url":"https:\/\/ffmc76.fr\/index.php\/2022\/11\/07\/ct-la-ffmc-nationale-a-publie-sa-reaction-a-la-decision-du-conseil-detat\/","name":"CT : la FFMC nationale a publi\u00e9 sa r\u00e9action suite \u00e0 la d\u00e9cision du conseil d'\u00e9tat - FFMC76","isPartOf":{"@id":"https:\/\/ffmc76.fr\/#website"},"primaryImageOfPage":{"@id":"https:\/\/ffmc76.fr\/index.php\/2022\/11\/07\/ct-la-ffmc-nationale-a-publie-sa-reaction-a-la-decision-du-conseil-detat\/#primaryimage"},"image":{"@id":"https:\/\/ffmc76.fr\/index.php\/2022\/11\/07\/ct-la-ffmc-nationale-a-publie-sa-reaction-a-la-decision-du-conseil-detat\/#primaryimage"},"thumbnailUrl":"https:\/\/ffmc76.fr\/wp-content\/uploads\/2022\/11\/vachalait-le-retour_bis.jpg","datePublished":"2022-11-07T18:08:39+00:00","dateModified":"2026-01-30T14:07:31+00:00","description":"Convaincus de l\u2019inutilit\u00e9 du contr\u00f4le technique pour am\u00e9liorer tant la s\u00e9curit\u00e9 routi\u00e8re que les performances environnementales des deux-roues motoris\u00e9s, la FFMC s\u2019interroge sur les motivations des juges du Conseil d\u2019Etat. Ceux-ci ont retoqu\u00e9 l\u2019abrogation du contr\u00f4le technique passant par dessus la t\u00eate de la Commission Europ\u00e9enne, qui elle, n\u2019avait eu rien \u00e0 redire \u00e0 l\u2019alternative Fran\u00e7aise.","breadcrumb":{"@id":"https:\/\/ffmc76.fr\/index.php\/2022\/11\/07\/ct-la-ffmc-nationale-a-publie-sa-reaction-a-la-decision-du-conseil-detat\/#breadcrumb"},"inLanguage":"fr-FR","potentialAction":[{"@type":"ReadAction","target":["https:\/\/ffmc76.fr\/index.php\/2022\/11\/07\/ct-la-ffmc-nationale-a-publie-sa-reaction-a-la-decision-du-conseil-detat\/"]}]},{"@type":"ImageObject","inLanguage":"fr-FR","@id":"https:\/\/ffmc76.fr\/index.php\/2022\/11\/07\/ct-la-ffmc-nationale-a-publie-sa-reaction-a-la-decision-du-conseil-detat\/#primaryimage","url":"https:\/\/ffmc76.fr\/wp-content\/uploads\/2022\/11\/vachalait-le-retour_bis.jpg","contentUrl":"https:\/\/ffmc76.fr\/wp-content\/uploads\/2022\/11\/vachalait-le-retour_bis.jpg","width":638,"height":347,"caption":"CREATOR: gd-jpeg v1.0 (using IJG JPEG v62), quality = 75"},{"@type":"BreadcrumbList","@id":"https:\/\/ffmc76.fr\/index.php\/2022\/11\/07\/ct-la-ffmc-nationale-a-publie-sa-reaction-a-la-decision-du-conseil-detat\/#breadcrumb","itemListElement":[{"@type":"ListItem","position":1,"name":"Accueil","item":"https:\/\/ffmc76.fr\/"},{"@type":"ListItem","position":2,"name":"CT : la FFMC nationale a publi\u00e9 sa r\u00e9action suite \u00e0 la d\u00e9cision du conseil d&rsquo;\u00e9tat"}]},{"@type":"WebSite","@id":"https:\/\/ffmc76.fr\/#website","url":"https:\/\/ffmc76.fr\/","name":"FFMC76","description":"F\u00e9d\u00e9ration Fran\u00e7aise des Motards en Col\u00e8re, antenne de Seine-Maritime","publisher":{"@id":"https:\/\/ffmc76.fr\/#organization"},"potentialAction":[{"@type":"SearchAction","target":{"@type":"EntryPoint","urlTemplate":"https:\/\/ffmc76.fr\/?s={search_term_string}"},"query-input":{"@type":"PropertyValueSpecification","valueRequired":true,"valueName":"search_term_string"}}],"inLanguage":"fr-FR"},{"@type":"Organization","@id":"https:\/\/ffmc76.fr\/#organization","name":"FFMC76","url":"https:\/\/ffmc76.fr\/","logo":{"@type":"ImageObject","inLanguage":"fr-FR","@id":"https:\/\/ffmc76.fr\/#\/schema\/logo\/image\/","url":"https:\/\/ffmc76.fr\/wp-content\/uploads\/2023\/01\/logo_boxeur-76.png","contentUrl":"https:\/\/ffmc76.fr\/wp-content\/uploads\/2023\/01\/logo_boxeur-76.png","width":545,"height":712,"caption":"FFMC76"},"image":{"@id":"https:\/\/ffmc76.fr\/#\/schema\/logo\/image\/"},"sameAs":["https:\/\/www.facebook.com\/FFMC76"]},{"@type":"Person","@id":"https:\/\/ffmc76.fr\/#\/schema\/person\/c8963a8e9eefc6b5d966af8fe565651e","name":"Gwendoline","image":{"@type":"ImageObject","inLanguage":"fr-FR","@id":"https:\/\/secure.gravatar.com\/avatar\/2e3784798477b4a30c7227cc3a0c723cf3e0b2f8fe756c13683bd0231c90c5e7?s=96&d=mm&r=g","url":"https:\/\/secure.gravatar.com\/avatar\/2e3784798477b4a30c7227cc3a0c723cf3e0b2f8fe756c13683bd0231c90c5e7?s=96&d=mm&r=g","contentUrl":"https:\/\/secure.gravatar.com\/avatar\/2e3784798477b4a30c7227cc3a0c723cf3e0b2f8fe756c13683bd0231c90c5e7?s=96&d=mm&r=g","caption":"Gwendoline"},"url":"https:\/\/ffmc76.fr\/index.php\/author\/gwendo\/"}]}},"_links":{"self":[{"href":"https:\/\/ffmc76.fr\/index.php\/wp-json\/wp\/v2\/posts\/8556","targetHints":{"allow":["GET"]}}],"collection":[{"href":"https:\/\/ffmc76.fr\/index.php\/wp-json\/wp\/v2\/posts"}],"about":[{"href":"https:\/\/ffmc76.fr\/index.php\/wp-json\/wp\/v2\/types\/post"}],"author":[{"embeddable":true,"href":"https:\/\/ffmc76.fr\/index.php\/wp-json\/wp\/v2\/users\/15"}],"replies":[{"embeddable":true,"href":"https:\/\/ffmc76.fr\/index.php\/wp-json\/wp\/v2\/comments?post=8556"}],"version-history":[{"count":4,"href":"https:\/\/ffmc76.fr\/index.php\/wp-json\/wp\/v2\/posts\/8556\/revisions"}],"predecessor-version":[{"id":8564,"href":"https:\/\/ffmc76.fr\/index.php\/wp-json\/wp\/v2\/posts\/8556\/revisions\/8564"}],"wp:featuredmedia":[{"embeddable":true,"href":"https:\/\/ffmc76.fr\/index.php\/wp-json\/wp\/v2\/media\/8563"}],"wp:attachment":[{"href":"https:\/\/ffmc76.fr\/index.php\/wp-json\/wp\/v2\/media?parent=8556"}],"wp:term":[{"taxonomy":"category","embeddable":true,"href":"https:\/\/ffmc76.fr\/index.php\/wp-json\/wp\/v2\/categories?post=8556"},{"taxonomy":"post_tag","embeddable":true,"href":"https:\/\/ffmc76.fr\/index.php\/wp-json\/wp\/v2\/tags?post=8556"}],"curies":[{"name":"wp","href":"https:\/\/api.w.org\/{rel}","templated":true}]}}